{"id":6272,"date":"2020-10-13T12:21:50","date_gmt":"2020-10-13T10:21:50","guid":{"rendered":"https:\/\/nexusinstitut.de\/planning-cells-moving-and-breathing-bocholt\/"},"modified":"2023-08-21T10:44:13","modified_gmt":"2023-08-21T08:44:13","slug":"planning-cells-moving-and-breathing-bocholt","status":"publish","type":"post","link":"https:\/\/nexusinstitut.de\/en\/planning-cells-moving-and-breathing-bocholt\/","title":{"rendered":"Planning cells &#8220;Moving and breathing Bocholt"},"content":{"rendered":"<p>Bocholt has been part of the Federal Ministry of Education and Research&#8217;s &#8220;Zukunftsstadt&#8221; competition since 2015. The competition consists of three phases: In the first phase the citizens* developed Bocholt&#8217;s visions for the future city Bocholt 2030+. The second phase served to develop the visions into a concept. The currently ongoing final third phase deals with the systematic implementation of proposals and ideas through concrete measures.<\/p>\n<p>This is where the civic participation procedure planning cell comes in. In three consecutive days, 60 randomly selected residents of Bocholt and 30 stakeholders of the city will discuss different ideas of mobility and the promotion of physical activity in Bocholt and jointly consider how the current situation can be sustainably improved. They receive information from experts and develop recommendations for the city of Bocholt in unmoderated small groups.<\/p>\n<p>The planning cells are designed, prepared, implemented and evaluated by the nexus Institute.<\/p>\n<p><strong>Duration:<\/strong> 04\/2020 &#8211; 01\/2021<br \/>\n<strong>Client:<\/strong> Universit\u00e4t Wuppertal, Fakult\u00e4t f\u00fcr Human- und Sozialwissenschaften, Institut f\u00fcr Demokratie- und Partizipationsforschung (IDPF)<br \/>\n<strong>Team:<\/strong> Nicolas Bach (Project management), Vanessa K\u00fcgler<\/p>\n<p>Picture: Logo Zukunftsstadt 2030<\/p>\n","protected":false},"excerpt":{"rendered":"<p>nexus is carrying out planning cells on behalf of the University of Wuppertal, Faculty of Human and Social Sciences, Institute for Democracy and Participation Research (IDPF).<\/p>\n","protected":false},"author":6,"featured_media":6268,"comment_status":"closed","ping_status":"closed","sticky":false,"template":"","format":"standard","meta":{"footnotes":""},"categories":[675,686,670,678,688],"tags":[],"class_list":["post-6272","post","type-post","status-publish","format-standard","has-post-thumbnail","hentry","category-gesundheit-en","category-planning-cell","category-projekt-archiv-en","category-zufallsauswahl-en","category-urban-development"],"yoast_head":"<!-- This site is optimized with the Yoast SEO plugin v27.4 - https:\/\/yoast.com\/product\/yoast-seo-wordpress\/ -->\n<title>Planning cells &quot;Moving and breathing Bocholt - nexus<\/title>\n<meta name=\"robots\" content=\"index, follow, max-snippet:-1, max-image-preview:large, max-video-preview:-1\" \/>\n<link rel=\"canonical\" href=\"https:\/\/nexusinstitut.de\/en\/planning-cells-moving-and-breathing-bocholt\/\" \/>\n<meta property=\"og:locale\" content=\"en_US\" \/>\n<meta property=\"og:type\" content=\"article\" \/>\n<meta property=\"og:title\" content=\"Planning cells &quot;Moving and breathing Bocholt - nexus\" \/>\n<meta property=\"og:description\" content=\"nexus is carrying out planning cells on behalf of the University of Wuppertal, Faculty of Human and Social Sciences, Institute for Democracy and Participation Research (IDPF).\" \/>\n<meta property=\"og:url\" content=\"https:\/\/nexusinstitut.de\/en\/planning-cells-moving-and-breathing-bocholt\/\" \/>\n<meta property=\"og:site_name\" content=\"nexus\" \/>\n<meta property=\"article:published_time\" content=\"2020-10-13T10:21:50+00:00\" \/>\n<meta property=\"article:modified_time\" content=\"2023-08-21T08:44:13+00:00\" \/>\n<meta property=\"og:image\" content=\"https:\/\/nexusinstitut.de\/wp-content\/uploads\/2020\/10\/Projektlogo_PZ-Bocholt-scaled.gif\" \/>\n\t<meta property=\"og:image:width\" content=\"2048\" \/>\n\t<meta property=\"og:image:height\" content=\"1167\" \/>\n\t<meta property=\"og:image:type\" content=\"image\/gif\" \/>\n<meta name=\"author\" content=\"Antje Heera\" \/>\n<meta name=\"twitter:card\" content=\"summary_large_image\" \/>\n<meta name=\"twitter:label1\" content=\"Written by\" \/>\n\t<meta name=\"twitter:data1\" content=\"Antje Heera\" \/>\n\t<meta name=\"twitter:label2\" content=\"Est. reading time\" \/>\n\t<meta name=\"twitter:data2\" content=\"1 minute\" \/>\n<script type=\"application\/ld+json\" class=\"yoast-schema-graph\">{\"@context\":\"https:\\\/\\\/schema.org\",\"@graph\":[{\"@type\":\"Article\",\"@id\":\"https:\\\/\\\/nexusinstitut.de\\\/en\\\/planning-cells-moving-and-breathing-bocholt\\\/#article\",\"isPartOf\":{\"@id\":\"https:\\\/\\\/nexusinstitut.de\\\/en\\\/planning-cells-moving-and-breathing-bocholt\\\/\"},\"author\":{\"name\":\"Antje Heera\",\"@id\":\"https:\\\/\\\/nexusinstitut.de\\\/en\\\/#\\\/schema\\\/person\\\/29fa9e953a1fa6b7b77a2811e9f39ed2\"},\"headline\":\"Planning cells &#8220;Moving and breathing Bocholt\",\"datePublished\":\"2020-10-13T10:21:50+00:00\",\"dateModified\":\"2023-08-21T08:44:13+00:00\",\"mainEntityOfPage\":{\"@id\":\"https:\\\/\\\/nexusinstitut.de\\\/en\\\/planning-cells-moving-and-breathing-bocholt\\\/\"},\"wordCount\":183,\"publisher\":{\"@id\":\"https:\\\/\\\/nexusinstitut.de\\\/en\\\/#organization\"},\"image\":{\"@id\":\"https:\\\/\\\/nexusinstitut.de\\\/en\\\/planning-cells-moving-and-breathing-bocholt\\\/#primaryimage\"},\"thumbnailUrl\":\"https:\\\/\\\/nexusinstitut.de\\\/wp-content\\\/uploads\\\/2020\\\/10\\\/Projektlogo_PZ-Bocholt-scaled.gif\",\"articleSection\":[\"Health\",\"Planning cell\",\"Project archive\",\"Random selection\",\"Urban development\"],\"inLanguage\":\"en-US\"},{\"@type\":\"WebPage\",\"@id\":\"https:\\\/\\\/nexusinstitut.de\\\/en\\\/planning-cells-moving-and-breathing-bocholt\\\/\",\"url\":\"https:\\\/\\\/nexusinstitut.de\\\/en\\\/planning-cells-moving-and-breathing-bocholt\\\/\",\"name\":\"Planning cells \\\"Moving and breathing Bocholt - nexus\",\"isPartOf\":{\"@id\":\"https:\\\/\\\/nexusinstitut.de\\\/en\\\/#website\"},\"primaryImageOfPage\":{\"@id\":\"https:\\\/\\\/nexusinstitut.de\\\/en\\\/planning-cells-moving-and-breathing-bocholt\\\/#primaryimage\"},\"image\":{\"@id\":\"https:\\\/\\\/nexusinstitut.de\\\/en\\\/planning-cells-moving-and-breathing-bocholt\\\/#primaryimage\"},\"thumbnailUrl\":\"https:\\\/\\\/nexusinstitut.de\\\/wp-content\\\/uploads\\\/2020\\\/10\\\/Projektlogo_PZ-Bocholt-scaled.gif\",\"datePublished\":\"2020-10-13T10:21:50+00:00\",\"dateModified\":\"2023-08-21T08:44:13+00:00\",\"breadcrumb\":{\"@id\":\"https:\\\/\\\/nexusinstitut.de\\\/en\\\/planning-cells-moving-and-breathing-bocholt\\\/#breadcrumb\"},\"inLanguage\":\"en-US\",\"potentialAction\":[{\"@type\":\"ReadAction\",\"target\":[\"https:\\\/\\\/nexusinstitut.de\\\/en\\\/planning-cells-moving-and-breathing-bocholt\\\/\"]}]},{\"@type\":\"ImageObject\",\"inLanguage\":\"en-US\",\"@id\":\"https:\\\/\\\/nexusinstitut.de\\\/en\\\/planning-cells-moving-and-breathing-bocholt\\\/#primaryimage\",\"url\":\"https:\\\/\\\/nexusinstitut.de\\\/wp-content\\\/uploads\\\/2020\\\/10\\\/Projektlogo_PZ-Bocholt-scaled.gif\",\"contentUrl\":\"https:\\\/\\\/nexusinstitut.de\\\/wp-content\\\/uploads\\\/2020\\\/10\\\/Projektlogo_PZ-Bocholt-scaled.gif\",\"width\":2048,\"height\":1167},{\"@type\":\"BreadcrumbList\",\"@id\":\"https:\\\/\\\/nexusinstitut.de\\\/en\\\/planning-cells-moving-and-breathing-bocholt\\\/#breadcrumb\",\"itemListElement\":[{\"@type\":\"ListItem\",\"position\":1,\"name\":\"Startseite\",\"item\":\"https:\\\/\\\/nexusinstitut.de\\\/en\\\/\"},{\"@type\":\"ListItem\",\"position\":2,\"name\":\"Planning cells &#8220;Moving and breathing Bocholt\"}]},{\"@type\":\"WebSite\",\"@id\":\"https:\\\/\\\/nexusinstitut.de\\\/en\\\/#website\",\"url\":\"https:\\\/\\\/nexusinstitut.de\\\/en\\\/\",\"name\":\"nexus\",\"description\":\"Institut f\u00fcr Forschung, Beratung und Beteiligung\",\"publisher\":{\"@id\":\"https:\\\/\\\/nexusinstitut.de\\\/en\\\/#organization\"},\"potentialAction\":[{\"@type\":\"SearchAction\",\"target\":{\"@type\":\"EntryPoint\",\"urlTemplate\":\"https:\\\/\\\/nexusinstitut.de\\\/en\\\/?s={search_term_string}\"},\"query-input\":{\"@type\":\"PropertyValueSpecification\",\"valueRequired\":true,\"valueName\":\"search_term_string\"}}],\"inLanguage\":\"en-US\"},{\"@type\":\"Organization\",\"@id\":\"https:\\\/\\\/nexusinstitut.de\\\/en\\\/#organization\",\"name\":\"nexus Institut\",\"url\":\"https:\\\/\\\/nexusinstitut.de\\\/en\\\/\",\"logo\":{\"@type\":\"ImageObject\",\"inLanguage\":\"en-US\",\"@id\":\"https:\\\/\\\/nexusinstitut.de\\\/en\\\/#\\\/schema\\\/logo\\\/image\\\/\",\"url\":\"https:\\\/\\\/nexusinstitut.de\\\/wp-content\\\/uploads\\\/2019\\\/01\\\/nexus-Logo.png\",\"contentUrl\":\"https:\\\/\\\/nexusinstitut.de\\\/wp-content\\\/uploads\\\/2019\\\/01\\\/nexus-Logo.png\",\"width\":569,\"height\":278,\"caption\":\"nexus Institut\"},\"image\":{\"@id\":\"https:\\\/\\\/nexusinstitut.de\\\/en\\\/#\\\/schema\\\/logo\\\/image\\\/\"}},{\"@type\":\"Person\",\"@id\":\"https:\\\/\\\/nexusinstitut.de\\\/en\\\/#\\\/schema\\\/person\\\/29fa9e953a1fa6b7b77a2811e9f39ed2\",\"name\":\"Antje Heera\",\"sameAs\":[\"https:\\\/\\\/nexusinstitut.de\"]}]}<\/script>\n<!-- \/ Yoast SEO plugin. -->","yoast_head_json":{"title":"Planning cells \"Moving and breathing Bocholt - nexus","robots":{"index":"index","follow":"follow","max-snippet":"max-snippet:-1","max-image-preview":"max-image-preview:large","max-video-preview":"max-video-preview:-1"},"canonical":"https:\/\/nexusinstitut.de\/en\/planning-cells-moving-and-breathing-bocholt\/","og_locale":"en_US","og_type":"article","og_title":"Planning cells \"Moving and breathing Bocholt - nexus","og_description":"nexus is carrying out planning cells on behalf of the University of Wuppertal, Faculty of Human and Social Sciences, Institute for Democracy and Participation Research (IDPF).","og_url":"https:\/\/nexusinstitut.de\/en\/planning-cells-moving-and-breathing-bocholt\/","og_site_name":"nexus","article_published_time":"2020-10-13T10:21:50+00:00","article_modified_time":"2023-08-21T08:44:13+00:00","og_image":[{"width":2048,"height":1167,"url":"https:\/\/nexusinstitut.de\/wp-content\/uploads\/2020\/10\/Projektlogo_PZ-Bocholt-scaled.gif","type":"image\/gif"}],"author":"Antje Heera","twitter_card":"summary_large_image","twitter_misc":{"Written by":"Antje Heera","Est. reading time":"1 minute"},"schema":{"@context":"https:\/\/schema.org","@graph":[{"@type":"Article","@id":"https:\/\/nexusinstitut.de\/en\/planning-cells-moving-and-breathing-bocholt\/#article","isPartOf":{"@id":"https:\/\/nexusinstitut.de\/en\/planning-cells-moving-and-breathing-bocholt\/"},"author":{"name":"Antje Heera","@id":"https:\/\/nexusinstitut.de\/en\/#\/schema\/person\/29fa9e953a1fa6b7b77a2811e9f39ed2"},"headline":"Planning cells &#8220;Moving and breathing Bocholt","datePublished":"2020-10-13T10:21:50+00:00","dateModified":"2023-08-21T08:44:13+00:00","mainEntityOfPage":{"@id":"https:\/\/nexusinstitut.de\/en\/planning-cells-moving-and-breathing-bocholt\/"},"wordCount":183,"publisher":{"@id":"https:\/\/nexusinstitut.de\/en\/#organization"},"image":{"@id":"https:\/\/nexusinstitut.de\/en\/planning-cells-moving-and-breathing-bocholt\/#primaryimage"},"thumbnailUrl":"https:\/\/nexusinstitut.de\/wp-content\/uploads\/2020\/10\/Projektlogo_PZ-Bocholt-scaled.gif","articleSection":["Health","Planning cell","Project archive","Random selection","Urban development"],"inLanguage":"en-US"},{"@type":"WebPage","@id":"https:\/\/nexusinstitut.de\/en\/planning-cells-moving-and-breathing-bocholt\/","url":"https:\/\/nexusinstitut.de\/en\/planning-cells-moving-and-breathing-bocholt\/","name":"Planning cells \"Moving and breathing Bocholt - nexus","isPartOf":{"@id":"https:\/\/nexusinstitut.de\/en\/#website"},"primaryImageOfPage":{"@id":"https:\/\/nexusinstitut.de\/en\/planning-cells-moving-and-breathing-bocholt\/#primaryimage"},"image":{"@id":"https:\/\/nexusinstitut.de\/en\/planning-cells-moving-and-breathing-bocholt\/#primaryimage"},"thumbnailUrl":"https:\/\/nexusinstitut.de\/wp-content\/uploads\/2020\/10\/Projektlogo_PZ-Bocholt-scaled.gif","datePublished":"2020-10-13T10:21:50+00:00","dateModified":"2023-08-21T08:44:13+00:00","breadcrumb":{"@id":"https:\/\/nexusinstitut.de\/en\/planning-cells-moving-and-breathing-bocholt\/#breadcrumb"},"inLanguage":"en-US","potentialAction":[{"@type":"ReadAction","target":["https:\/\/nexusinstitut.de\/en\/planning-cells-moving-and-breathing-bocholt\/"]}]},{"@type":"ImageObject","inLanguage":"en-US","@id":"https:\/\/nexusinstitut.de\/en\/planning-cells-moving-and-breathing-bocholt\/#primaryimage","url":"https:\/\/nexusinstitut.de\/wp-content\/uploads\/2020\/10\/Projektlogo_PZ-Bocholt-scaled.gif","contentUrl":"https:\/\/nexusinstitut.de\/wp-content\/uploads\/2020\/10\/Projektlogo_PZ-Bocholt-scaled.gif","width":2048,"height":1167},{"@type":"BreadcrumbList","@id":"https:\/\/nexusinstitut.de\/en\/planning-cells-moving-and-breathing-bocholt\/#breadcrumb","itemListElement":[{"@type":"ListItem","position":1,"name":"Startseite","item":"https:\/\/nexusinstitut.de\/en\/"},{"@type":"ListItem","position":2,"name":"Planning cells &#8220;Moving and breathing Bocholt"}]},{"@type":"WebSite","@id":"https:\/\/nexusinstitut.de\/en\/#website","url":"https:\/\/nexusinstitut.de\/en\/","name":"nexus","description":"Institut f\u00fcr Forschung, Beratung und Beteiligung","publisher":{"@id":"https:\/\/nexusinstitut.de\/en\/#organization"},"potentialAction":[{"@type":"SearchAction","target":{"@type":"EntryPoint","urlTemplate":"https:\/\/nexusinstitut.de\/en\/?s={search_term_string}"},"query-input":{"@type":"PropertyValueSpecification","valueRequired":true,"valueName":"search_term_string"}}],"inLanguage":"en-US"},{"@type":"Organization","@id":"https:\/\/nexusinstitut.de\/en\/#organization","name":"nexus Institut","url":"https:\/\/nexusinstitut.de\/en\/","logo":{"@type":"ImageObject","inLanguage":"en-US","@id":"https:\/\/nexusinstitut.de\/en\/#\/schema\/logo\/image\/","url":"https:\/\/nexusinstitut.de\/wp-content\/uploads\/2019\/01\/nexus-Logo.png","contentUrl":"https:\/\/nexusinstitut.de\/wp-content\/uploads\/2019\/01\/nexus-Logo.png","width":569,"height":278,"caption":"nexus Institut"},"image":{"@id":"https:\/\/nexusinstitut.de\/en\/#\/schema\/logo\/image\/"}},{"@type":"Person","@id":"https:\/\/nexusinstitut.de\/en\/#\/schema\/person\/29fa9e953a1fa6b7b77a2811e9f39ed2","name":"Antje Heera","sameAs":["https:\/\/nexusinstitut.de"]}]}},"_links":{"self":[{"href":"https:\/\/nexusinstitut.de\/en\/wp-json\/wp\/v2\/posts\/6272","targetHints":{"allow":["GET"]}}],"collection":[{"href":"https:\/\/nexusinstitut.de\/en\/wp-json\/wp\/v2\/posts"}],"about":[{"href":"https:\/\/nexusinstitut.de\/en\/wp-json\/wp\/v2\/types\/post"}],"author":[{"embeddable":true,"href":"https:\/\/nexusinstitut.de\/en\/wp-json\/wp\/v2\/users\/6"}],"replies":[{"embeddable":true,"href":"https:\/\/nexusinstitut.de\/en\/wp-json\/wp\/v2\/comments?post=6272"}],"version-history":[{"count":0,"href":"https:\/\/nexusinstitut.de\/en\/wp-json\/wp\/v2\/posts\/6272\/revisions"}],"wp:featuredmedia":[{"embeddable":true,"href":"https:\/\/nexusinstitut.de\/en\/wp-json\/wp\/v2\/media\/6268"}],"wp:attachment":[{"href":"https:\/\/nexusinstitut.de\/en\/wp-json\/wp\/v2\/media?parent=6272"}],"wp:term":[{"taxonomy":"category","embeddable":true,"href":"https:\/\/nexusinstitut.de\/en\/wp-json\/wp\/v2\/categories?post=6272"},{"taxonomy":"post_tag","embeddable":true,"href":"https:\/\/nexusinstitut.de\/en\/wp-json\/wp\/v2\/tags?post=6272"}],"curies":[{"name":"wp","href":"https:\/\/api.w.org\/{rel}","templated":true}]}}