{"id":3932,"date":"2019-07-23T09:58:50","date_gmt":"2019-07-23T07:58:50","guid":{"rendered":"https:\/\/nexusinstitut.de\/?p=3932"},"modified":"2019-07-23T09:58:50","modified_gmt":"2019-07-23T07:58:50","slug":"baltic","status":"publish","type":"post","link":"https:\/\/nexusinstitut.de\/en\/baltic\/","title":{"rendered":"Baltic+"},"content":{"rendered":"<p>Ziel von Baltic+ ist es, gemeinsam neue Instrumente f\u00fcr das Regionalmanagement zu entwickeln sowie konkrete Handlungsstrategien zu erarbeiten, die auf Investitionen und andere Initiativen abzielen. Daf\u00fcr arbeiten Partner aus den f\u00fcnf Regionen Westpommern, Schonen, Mecklenburg-Vorpommern, Brandenburg und Berlin zusammen. nexus ist als Forschungspartner insbesondere in Arbeitspaket 1 der f\u00fcnf Arbeitspakete involviert.<\/p>\n<p>Das Gesamtbudget f\u00fcr Baltic+ bel\u00e4uft sich auf 3,1 Mio. EUR. 1,2 Mio. EUR entfallen auf die schwedischen Partner, 1,5 Mio. auf die deutschen und 0,4 Mio. auf die polnischen Partner. Baltic+ integriert viele Organisationen in den teilnehmenden Regionen. Lead Partner f\u00fcr das Projekt ist die Region Sk\u00e5ne.<\/p>\n<p>Partner sind der Kommunalverbund Sk\u00e5ne, Carrefour South Sweden, der Sk\u00e5ne County Verwaltungsrat, die schwedische nationale Stra\u00dfenverwaltung, der Regionale Forstwirtschaftsrat, die Vereinigung der schwedischen Landwirte, die Gemeinsame Landesplanungsabteilung der L\u00e4nder Berlin und Brandenburg, die Technische Universit\u00e4t Berlin, nexus Institut, die Kommunalgemeinschaft Pomerania e.V., das St\u00e4dteband Nordost, der Landkreis Potsdam-Mittelmark in Brandenburg. die Senatsverwaltung f\u00fcr Stadtentwicklung in Berlin, der St\u00e4dte- und Gemeindetag Mecklenburg-Vorpommern, das Marschallamt in Westpommern, die Stadt Szczecin und die Vereinigung polnischer Gemeinden in der Euroregion Pomerania.<\/p>\n<p>Arbeitspaket 1: Entwicklung gemeinsamer Strategien und Raumpartnerschaften zur Regionalentwicklung und r\u00e4umlichen Ausgeglichenheit. Strategien zur Raumentwicklung und M\u00f6glichkeiten von Raumpartnerschaften zwischen Kontrastr\u00e4umen.<\/p>\n<p>Arbeitspaket 2: Herausforderungen an die Umstrukturierung von Land- und Forstwirtschaft als wichtigen Sektoren wirtschaftlichen Wachstums. Stragegien zur Nutzung der Synergieeffekte regionaler und sektoraler Kreisl\u00e4ufe.<\/p>\n<p>Arbeitspaket 3: Herausforderungen an die Tourismusbranche. Identifikation und Nutzung gemeinsamer St\u00e4rken der Tourismusbranche in der Makroregion. Schaffung neuer Tourismusformen und gemeinsame Umsetzung (wassertouristischer) Investitionen.<\/p>\n<p>Arbeitspaket 4: Herausforderungen an die regionale und lokale Zug\u00e4nglichkeit. Verbesserte Zug\u00e4nglichkeit zu kleinen St\u00e4dten und l\u00e4ndlichen Gebieten unter Anbindung aller Teile des Raumes an die \u00fcbergreifenden Kommunikationskorridore und an die regionalen Zentren zwischen benachbarten Metropolenr\u00e4umen.<\/p>\n<p>Arbeitspaket 5: St\u00e4dtenetze zur Bew\u00e4ltigung lokaler Herausforderungen. Rolle und M\u00f6glichkeiten lokaler K\u00f6rperschaften in der Raumentwicklung im transnationalen und regionalen Kontext sowie im Ost-West- und Nord-S\u00fcd-Integrationsprozess im Ostseeraum.<\/p>\n<p><strong>Laufzeit:<\/strong> 01\/2003 \u2013 12\/2005<br \/>\n<strong>Auftraggeber:<\/strong> EU Kommission, Interreg IIIB<br \/>\n<strong>Mitarbeiter*innen:<\/strong>\u00a0 Hans-Liudger Dienel, Frithjof Reul, Jenny Schmithals<\/p>\n","protected":false},"excerpt":{"rendered":"<p>Ziel von Baltic+ ist es, gemeinsam neue Instrumente f\u00fcr das Regionalmanagement zu entwickeln sowie konkrete Handlungsstrategien zu erarbeiten, die auf Investitionen und andere Initiativen abzielen. Daf\u00fcr arbeiten Partner aus den  [&#8230;]<\/p>\n","protected":false},"author":23,"featured_media":0,"comment_status":"closed","ping_status":"closed","sticky":false,"template":"","format":"standard","meta":{"footnotes":""},"categories":[46],"tags":[53,238,24,256,72,182,271,21,150,270,84,272,269,109],"class_list":["post-3932","post","type-post","status-publish","format-standard","hentry","category-projekt-archiv","tag-berlin","tag-brandenburg","tag-europa","tag-kooperation","tag-laendlicher-raum","tag-mecklenburg-vorpommern","tag-ostsee","tag-raum","tag-regionalentwicklung","tag-schonen","tag-stadtentwicklung","tag-tourismus","tag-westpommern","tag-wirtschaft"],"yoast_head":"<!-- This site is optimized with the Yoast SEO plugin v28.3 - https:\/\/yoast.com\/product\/yoast-seo-wordpress\/ -->\n<title>Baltic+ - nexus<\/title>\n<meta name=\"robots\" content=\"index, follow, max-snippet:-1, max-image-preview:large, max-video-preview:-1\" \/>\n<link rel=\"canonical\" href=\"https:\/\/nexusinstitut.de\/en\/baltic\/\" \/>\n<meta property=\"og:locale\" content=\"en_US\" \/>\n<meta property=\"og:type\" content=\"article\" \/>\n<meta property=\"og:title\" content=\"Baltic+ - nexus\" \/>\n<meta property=\"og:description\" content=\"Ziel von Baltic+ ist es, gemeinsam neue Instrumente f\u00fcr das Regionalmanagement zu entwickeln sowie konkrete Handlungsstrategien zu erarbeiten, die auf Investitionen und andere Initiativen abzielen. Daf\u00fcr arbeiten Partner aus den [...]\" \/>\n<meta property=\"og:url\" content=\"https:\/\/nexusinstitut.de\/en\/baltic\/\" \/>\n<meta property=\"og:site_name\" content=\"nexus\" \/>\n<meta property=\"article:published_time\" content=\"2019-07-23T07:58:50+00:00\" \/>\n<meta name=\"author\" content=\"Daniel Jurischka\" \/>\n<meta name=\"twitter:card\" content=\"summary_large_image\" \/>\n<meta name=\"twitter:label1\" content=\"Written by\" \/>\n\t<meta name=\"twitter:data1\" content=\"Daniel Jurischka\" \/>\n\t<meta name=\"twitter:label2\" content=\"Est. reading time\" \/>\n\t<meta name=\"twitter:data2\" content=\"2 minutes\" \/>\n<script type=\"application\/ld+json\" class=\"yoast-schema-graph\">{\"@context\":\"https:\\\/\\\/schema.org\",\"@graph\":[{\"@type\":\"Article\",\"@id\":\"https:\\\/\\\/nexusinstitut.de\\\/en\\\/baltic\\\/#article\",\"isPartOf\":{\"@id\":\"https:\\\/\\\/nexusinstitut.de\\\/en\\\/baltic\\\/\"},\"author\":{\"name\":\"Daniel Jurischka\",\"@id\":\"https:\\\/\\\/nexusinstitut.de\\\/en\\\/#\\\/schema\\\/person\\\/8224b0983440f7d4be0743555e230a77\"},\"headline\":\"Baltic+\",\"datePublished\":\"2019-07-23T07:58:50+00:00\",\"mainEntityOfPage\":{\"@id\":\"https:\\\/\\\/nexusinstitut.de\\\/en\\\/baltic\\\/\"},\"wordCount\":343,\"publisher\":{\"@id\":\"https:\\\/\\\/nexusinstitut.de\\\/en\\\/#organization\"},\"keywords\":[\"Berlin\",\"Brandenburg\",\"Europa\",\"Kooperation\",\"l\u00e4ndlicher Raum\",\"Mecklenburg-Vorpommern\",\"Ostsee\",\"Raum\",\"Regionalentwicklung\",\"Schonen\",\"Stadtentwicklung\",\"Tourismus\",\"Westpommern\",\"Wirtschaft\"],\"articleSection\":[\"Projekt-Archiv\"],\"inLanguage\":\"en-US\"},{\"@type\":\"WebPage\",\"@id\":\"https:\\\/\\\/nexusinstitut.de\\\/en\\\/baltic\\\/\",\"url\":\"https:\\\/\\\/nexusinstitut.de\\\/en\\\/baltic\\\/\",\"name\":\"Baltic+ - nexus\",\"isPartOf\":{\"@id\":\"https:\\\/\\\/nexusinstitut.de\\\/en\\\/#website\"},\"datePublished\":\"2019-07-23T07:58:50+00:00\",\"breadcrumb\":{\"@id\":\"https:\\\/\\\/nexusinstitut.de\\\/en\\\/baltic\\\/#breadcrumb\"},\"inLanguage\":\"en-US\",\"potentialAction\":[{\"@type\":\"ReadAction\",\"target\":[\"https:\\\/\\\/nexusinstitut.de\\\/en\\\/baltic\\\/\"]}]},{\"@type\":\"BreadcrumbList\",\"@id\":\"https:\\\/\\\/nexusinstitut.de\\\/en\\\/baltic\\\/#breadcrumb\",\"itemListElement\":[{\"@type\":\"ListItem\",\"position\":1,\"name\":\"Startseite\",\"item\":\"https:\\\/\\\/nexusinstitut.de\\\/en\\\/\"},{\"@type\":\"ListItem\",\"position\":2,\"name\":\"Baltic+\"}]},{\"@type\":\"WebSite\",\"@id\":\"https:\\\/\\\/nexusinstitut.de\\\/en\\\/#website\",\"url\":\"https:\\\/\\\/nexusinstitut.de\\\/en\\\/\",\"name\":\"nexus\",\"description\":\"Institut f\u00fcr Forschung, Beratung und Beteiligung\",\"publisher\":{\"@id\":\"https:\\\/\\\/nexusinstitut.de\\\/en\\\/#organization\"},\"potentialAction\":[{\"@type\":\"SearchAction\",\"target\":{\"@type\":\"EntryPoint\",\"urlTemplate\":\"https:\\\/\\\/nexusinstitut.de\\\/en\\\/?s={search_term_string}\"},\"query-input\":{\"@type\":\"PropertyValueSpecification\",\"valueRequired\":true,\"valueName\":\"search_term_string\"}}],\"inLanguage\":\"en-US\"},{\"@type\":\"Organization\",\"@id\":\"https:\\\/\\\/nexusinstitut.de\\\/en\\\/#organization\",\"name\":\"nexus Institut\",\"url\":\"https:\\\/\\\/nexusinstitut.de\\\/en\\\/\",\"logo\":{\"@type\":\"ImageObject\",\"inLanguage\":\"en-US\",\"@id\":\"https:\\\/\\\/nexusinstitut.de\\\/en\\\/#\\\/schema\\\/logo\\\/image\\\/\",\"url\":\"https:\\\/\\\/nexusinstitut.de\\\/wp-content\\\/uploads\\\/2019\\\/01\\\/nexus-Logo.png\",\"contentUrl\":\"https:\\\/\\\/nexusinstitut.de\\\/wp-content\\\/uploads\\\/2019\\\/01\\\/nexus-Logo.png\",\"width\":569,\"height\":278,\"caption\":\"nexus Institut\"},\"image\":{\"@id\":\"https:\\\/\\\/nexusinstitut.de\\\/en\\\/#\\\/schema\\\/logo\\\/image\\\/\"}},{\"@type\":\"Person\",\"@id\":\"https:\\\/\\\/nexusinstitut.de\\\/en\\\/#\\\/schema\\\/person\\\/8224b0983440f7d4be0743555e230a77\",\"name\":\"Daniel Jurischka\"}]}<\/script>\n<!-- \/ Yoast SEO plugin. -->","yoast_head_json":{"title":"Baltic+ - nexus","robots":{"index":"index","follow":"follow","max-snippet":"max-snippet:-1","max-image-preview":"max-image-preview:large","max-video-preview":"max-video-preview:-1"},"canonical":"https:\/\/nexusinstitut.de\/en\/baltic\/","og_locale":"en_US","og_type":"article","og_title":"Baltic+ - nexus","og_description":"Ziel von Baltic+ ist es, gemeinsam neue Instrumente f\u00fcr das Regionalmanagement zu entwickeln sowie konkrete Handlungsstrategien zu erarbeiten, die auf Investitionen und andere Initiativen abzielen. Daf\u00fcr arbeiten Partner aus den [...]","og_url":"https:\/\/nexusinstitut.de\/en\/baltic\/","og_site_name":"nexus","article_published_time":"2019-07-23T07:58:50+00:00","author":"Daniel Jurischka","twitter_card":"summary_large_image","twitter_misc":{"Written by":"Daniel Jurischka","Est. reading time":"2 minutes"},"schema":{"@context":"https:\/\/schema.org","@graph":[{"@type":"Article","@id":"https:\/\/nexusinstitut.de\/en\/baltic\/#article","isPartOf":{"@id":"https:\/\/nexusinstitut.de\/en\/baltic\/"},"author":{"name":"Daniel Jurischka","@id":"https:\/\/nexusinstitut.de\/en\/#\/schema\/person\/8224b0983440f7d4be0743555e230a77"},"headline":"Baltic+","datePublished":"2019-07-23T07:58:50+00:00","mainEntityOfPage":{"@id":"https:\/\/nexusinstitut.de\/en\/baltic\/"},"wordCount":343,"publisher":{"@id":"https:\/\/nexusinstitut.de\/en\/#organization"},"keywords":["Berlin","Brandenburg","Europa","Kooperation","l\u00e4ndlicher Raum","Mecklenburg-Vorpommern","Ostsee","Raum","Regionalentwicklung","Schonen","Stadtentwicklung","Tourismus","Westpommern","Wirtschaft"],"articleSection":["Projekt-Archiv"],"inLanguage":"en-US"},{"@type":"WebPage","@id":"https:\/\/nexusinstitut.de\/en\/baltic\/","url":"https:\/\/nexusinstitut.de\/en\/baltic\/","name":"Baltic+ - nexus","isPartOf":{"@id":"https:\/\/nexusinstitut.de\/en\/#website"},"datePublished":"2019-07-23T07:58:50+00:00","breadcrumb":{"@id":"https:\/\/nexusinstitut.de\/en\/baltic\/#breadcrumb"},"inLanguage":"en-US","potentialAction":[{"@type":"ReadAction","target":["https:\/\/nexusinstitut.de\/en\/baltic\/"]}]},{"@type":"BreadcrumbList","@id":"https:\/\/nexusinstitut.de\/en\/baltic\/#breadcrumb","itemListElement":[{"@type":"ListItem","position":1,"name":"Startseite","item":"https:\/\/nexusinstitut.de\/en\/"},{"@type":"ListItem","position":2,"name":"Baltic+"}]},{"@type":"WebSite","@id":"https:\/\/nexusinstitut.de\/en\/#website","url":"https:\/\/nexusinstitut.de\/en\/","name":"nexus","description":"Institut f\u00fcr Forschung, Beratung und Beteiligung","publisher":{"@id":"https:\/\/nexusinstitut.de\/en\/#organization"},"potentialAction":[{"@type":"SearchAction","target":{"@type":"EntryPoint","urlTemplate":"https:\/\/nexusinstitut.de\/en\/?s={search_term_string}"},"query-input":{"@type":"PropertyValueSpecification","valueRequired":true,"valueName":"search_term_string"}}],"inLanguage":"en-US"},{"@type":"Organization","@id":"https:\/\/nexusinstitut.de\/en\/#organization","name":"nexus Institut","url":"https:\/\/nexusinstitut.de\/en\/","logo":{"@type":"ImageObject","inLanguage":"en-US","@id":"https:\/\/nexusinstitut.de\/en\/#\/schema\/logo\/image\/","url":"https:\/\/nexusinstitut.de\/wp-content\/uploads\/2019\/01\/nexus-Logo.png","contentUrl":"https:\/\/nexusinstitut.de\/wp-content\/uploads\/2019\/01\/nexus-Logo.png","width":569,"height":278,"caption":"nexus Institut"},"image":{"@id":"https:\/\/nexusinstitut.de\/en\/#\/schema\/logo\/image\/"}},{"@type":"Person","@id":"https:\/\/nexusinstitut.de\/en\/#\/schema\/person\/8224b0983440f7d4be0743555e230a77","name":"Daniel Jurischka"}]}},"_links":{"self":[{"href":"https:\/\/nexusinstitut.de\/en\/wp-json\/wp\/v2\/posts\/3932","targetHints":{"allow":["GET"]}}],"collection":[{"href":"https:\/\/nexusinstitut.de\/en\/wp-json\/wp\/v2\/posts"}],"about":[{"href":"https:\/\/nexusinstitut.de\/en\/wp-json\/wp\/v2\/types\/post"}],"author":[{"embeddable":true,"href":"https:\/\/nexusinstitut.de\/en\/wp-json\/wp\/v2\/users\/23"}],"replies":[{"embeddable":true,"href":"https:\/\/nexusinstitut.de\/en\/wp-json\/wp\/v2\/comments?post=3932"}],"version-history":[{"count":0,"href":"https:\/\/nexusinstitut.de\/en\/wp-json\/wp\/v2\/posts\/3932\/revisions"}],"wp:attachment":[{"href":"https:\/\/nexusinstitut.de\/en\/wp-json\/wp\/v2\/media?parent=3932"}],"wp:term":[{"taxonomy":"category","embeddable":true,"href":"https:\/\/nexusinstitut.de\/en\/wp-json\/wp\/v2\/categories?post=3932"},{"taxonomy":"post_tag","embeddable":true,"href":"https:\/\/nexusinstitut.de\/en\/wp-json\/wp\/v2\/tags?post=3932"}],"curies":[{"name":"wp","href":"https:\/\/api.w.org\/{rel}","templated":true}]}}