{"id":3910,"date":"2019-07-17T16:33:05","date_gmt":"2019-07-17T14:33:05","guid":{"rendered":"https:\/\/nexusinstitut.de\/?p=3910"},"modified":"2019-07-17T16:33:19","modified_gmt":"2019-07-17T14:33:19","slug":"mobilitaetspioniere","status":"publish","type":"post","link":"https:\/\/nexusinstitut.de\/en\/mobilitaetspioniere\/","title":{"rendered":"Mobilit\u00e4tspioniere"},"content":{"rendered":"<p>Im Auftrag des Sonderforschungsbereichs &#8220;Reflexive Modernisierung&#8221;, Teilprojekt &#8220;Mobilit\u00e4tspioniere&#8221; der Universit\u00e4t der Bundeswehr M\u00fcnchen erstellte nexus den Bericht &#8220;Daten und Trends zum Mobilit\u00e4tsverhalten&#8221; sowie eine Literaturrecherche zu Mobilit\u00e4tstheorien in der Sozial- und Wirtschaftsgeografie. Aufgabenstellung war, fundierte Hintergrundinformationen aus geografischer und verkehrswissenschaftlicher Sicht zu liefern und einen \u00dcberblick \u00fcber die quantitative Entwicklung wichtiger Mobilit\u00e4tsdaten in den letzten Jahrzehnten zu geben.<\/p>\n<p>Dabei sollte innerhalb der vielf\u00e4ltigen Dimensionen von r\u00e4umlicher und sozialer Mobilit\u00e4t eine gro\u00dfe Bandbreite zusammen betrachtet werden. Neben Angaben zur Mobilit\u00e4t insgesamt nahm der Bericht schwerpunktm\u00e4\u00dfig Pendlerwege, Reisen und Umz\u00fcge ins Blickfeld. Die untersuchten Bereiche wurden &#8211; \u00fcber die im Vordergrund stehende r\u00e4umliche Mobilit\u00e4t hinaus &#8211; nach sozialen Kriterien differenziert beschrieben und ihre Wechselwirkungen zur sozialen Mobilit\u00e4t diskutiert.<\/p>\n","protected":false},"excerpt":{"rendered":"<p>Im Auftrag des Sonderforschungsbereichs &#8220;Reflexive Modernisierung&#8221;, Teilprojekt &#8220;Mobilit\u00e4tspioniere&#8221; der Universit\u00e4t der Bundeswehr M\u00fcnchen erstellte nexus den Bericht &#8220;Daten und Trends zum Mobilit\u00e4tsverhalten&#8221; sowie eine Literaturrecherche zu Mobilit\u00e4tstheorien in der Sozial-  [&#8230;]<\/p>\n","protected":false},"author":6,"featured_media":0,"comment_status":"closed","ping_status":"closed","sticky":false,"template":"","format":"standard","meta":{"footnotes":""},"categories":[46],"tags":[57,253],"class_list":["post-3910","post","type-post","status-publish","format-standard","hentry","category-projekt-archiv","tag-mobilitaet","tag-wissenschaft"],"yoast_head":"<!-- This site is optimized with the Yoast SEO plugin v27.4 - https:\/\/yoast.com\/product\/yoast-seo-wordpress\/ -->\n<title>Mobilit\u00e4tspioniere - nexus<\/title>\n<meta name=\"robots\" content=\"index, follow, max-snippet:-1, max-image-preview:large, max-video-preview:-1\" \/>\n<link rel=\"canonical\" href=\"https:\/\/nexusinstitut.de\/en\/mobilitaetspioniere\/\" \/>\n<meta property=\"og:locale\" content=\"en_US\" \/>\n<meta property=\"og:type\" content=\"article\" \/>\n<meta property=\"og:title\" content=\"Mobilit\u00e4tspioniere - nexus\" \/>\n<meta property=\"og:description\" content=\"Im Auftrag des Sonderforschungsbereichs &#8220;Reflexive Modernisierung&#8221;, Teilprojekt &#8220;Mobilit\u00e4tspioniere&#8221; der Universit\u00e4t der Bundeswehr M\u00fcnchen erstellte nexus den Bericht &#8220;Daten und Trends zum Mobilit\u00e4tsverhalten&#8221; sowie eine Literaturrecherche zu Mobilit\u00e4tstheorien in der Sozial- [...]\" \/>\n<meta property=\"og:url\" content=\"https:\/\/nexusinstitut.de\/en\/mobilitaetspioniere\/\" \/>\n<meta property=\"og:site_name\" content=\"nexus\" \/>\n<meta property=\"article:published_time\" content=\"2019-07-17T14:33:05+00:00\" \/>\n<meta property=\"article:modified_time\" content=\"2019-07-17T14:33:19+00:00\" \/>\n<meta name=\"author\" content=\"Antje Heera\" \/>\n<meta name=\"twitter:card\" content=\"summary_large_image\" \/>\n<meta name=\"twitter:label1\" content=\"Written by\" \/>\n\t<meta name=\"twitter:data1\" content=\"Antje Heera\" \/>\n\t<meta name=\"twitter:label2\" content=\"Est. reading time\" \/>\n\t<meta name=\"twitter:data2\" content=\"1 minute\" \/>\n<script type=\"application\/ld+json\" class=\"yoast-schema-graph\">{\"@context\":\"https:\\\/\\\/schema.org\",\"@graph\":[{\"@type\":\"Article\",\"@id\":\"https:\\\/\\\/nexusinstitut.de\\\/en\\\/mobilitaetspioniere\\\/#article\",\"isPartOf\":{\"@id\":\"https:\\\/\\\/nexusinstitut.de\\\/en\\\/mobilitaetspioniere\\\/\"},\"author\":{\"name\":\"Antje Heera\",\"@id\":\"https:\\\/\\\/nexusinstitut.de\\\/en\\\/#\\\/schema\\\/person\\\/29fa9e953a1fa6b7b77a2811e9f39ed2\"},\"headline\":\"Mobilit\u00e4tspioniere\",\"datePublished\":\"2019-07-17T14:33:05+00:00\",\"dateModified\":\"2019-07-17T14:33:19+00:00\",\"mainEntityOfPage\":{\"@id\":\"https:\\\/\\\/nexusinstitut.de\\\/en\\\/mobilitaetspioniere\\\/\"},\"wordCount\":134,\"publisher\":{\"@id\":\"https:\\\/\\\/nexusinstitut.de\\\/en\\\/#organization\"},\"keywords\":[\"Mobilit\u00e4t\",\"Wissenschaft\"],\"articleSection\":[\"Projekt-Archiv\"],\"inLanguage\":\"en-US\"},{\"@type\":\"WebPage\",\"@id\":\"https:\\\/\\\/nexusinstitut.de\\\/en\\\/mobilitaetspioniere\\\/\",\"url\":\"https:\\\/\\\/nexusinstitut.de\\\/en\\\/mobilitaetspioniere\\\/\",\"name\":\"Mobilit\u00e4tspioniere - nexus\",\"isPartOf\":{\"@id\":\"https:\\\/\\\/nexusinstitut.de\\\/en\\\/#website\"},\"datePublished\":\"2019-07-17T14:33:05+00:00\",\"dateModified\":\"2019-07-17T14:33:19+00:00\",\"breadcrumb\":{\"@id\":\"https:\\\/\\\/nexusinstitut.de\\\/en\\\/mobilitaetspioniere\\\/#breadcrumb\"},\"inLanguage\":\"en-US\",\"potentialAction\":[{\"@type\":\"ReadAction\",\"target\":[\"https:\\\/\\\/nexusinstitut.de\\\/en\\\/mobilitaetspioniere\\\/\"]}]},{\"@type\":\"BreadcrumbList\",\"@id\":\"https:\\\/\\\/nexusinstitut.de\\\/en\\\/mobilitaetspioniere\\\/#breadcrumb\",\"itemListElement\":[{\"@type\":\"ListItem\",\"position\":1,\"name\":\"Startseite\",\"item\":\"https:\\\/\\\/nexusinstitut.de\\\/en\\\/\"},{\"@type\":\"ListItem\",\"position\":2,\"name\":\"Mobilit\u00e4tspioniere\"}]},{\"@type\":\"WebSite\",\"@id\":\"https:\\\/\\\/nexusinstitut.de\\\/en\\\/#website\",\"url\":\"https:\\\/\\\/nexusinstitut.de\\\/en\\\/\",\"name\":\"nexus\",\"description\":\"Institut f\u00fcr Forschung, Beratung und Beteiligung\",\"publisher\":{\"@id\":\"https:\\\/\\\/nexusinstitut.de\\\/en\\\/#organization\"},\"potentialAction\":[{\"@type\":\"SearchAction\",\"target\":{\"@type\":\"EntryPoint\",\"urlTemplate\":\"https:\\\/\\\/nexusinstitut.de\\\/en\\\/?s={search_term_string}\"},\"query-input\":{\"@type\":\"PropertyValueSpecification\",\"valueRequired\":true,\"valueName\":\"search_term_string\"}}],\"inLanguage\":\"en-US\"},{\"@type\":\"Organization\",\"@id\":\"https:\\\/\\\/nexusinstitut.de\\\/en\\\/#organization\",\"name\":\"nexus Institut\",\"url\":\"https:\\\/\\\/nexusinstitut.de\\\/en\\\/\",\"logo\":{\"@type\":\"ImageObject\",\"inLanguage\":\"en-US\",\"@id\":\"https:\\\/\\\/nexusinstitut.de\\\/en\\\/#\\\/schema\\\/logo\\\/image\\\/\",\"url\":\"https:\\\/\\\/nexusinstitut.de\\\/wp-content\\\/uploads\\\/2019\\\/01\\\/nexus-Logo.png\",\"contentUrl\":\"https:\\\/\\\/nexusinstitut.de\\\/wp-content\\\/uploads\\\/2019\\\/01\\\/nexus-Logo.png\",\"width\":569,\"height\":278,\"caption\":\"nexus Institut\"},\"image\":{\"@id\":\"https:\\\/\\\/nexusinstitut.de\\\/en\\\/#\\\/schema\\\/logo\\\/image\\\/\"}},{\"@type\":\"Person\",\"@id\":\"https:\\\/\\\/nexusinstitut.de\\\/en\\\/#\\\/schema\\\/person\\\/29fa9e953a1fa6b7b77a2811e9f39ed2\",\"name\":\"Antje Heera\",\"sameAs\":[\"https:\\\/\\\/nexusinstitut.de\"]}]}<\/script>\n<!-- \/ Yoast SEO plugin. -->","yoast_head_json":{"title":"Mobilit\u00e4tspioniere - nexus","robots":{"index":"index","follow":"follow","max-snippet":"max-snippet:-1","max-image-preview":"max-image-preview:large","max-video-preview":"max-video-preview:-1"},"canonical":"https:\/\/nexusinstitut.de\/en\/mobilitaetspioniere\/","og_locale":"en_US","og_type":"article","og_title":"Mobilit\u00e4tspioniere - nexus","og_description":"Im Auftrag des Sonderforschungsbereichs &#8220;Reflexive Modernisierung&#8221;, Teilprojekt &#8220;Mobilit\u00e4tspioniere&#8221; der Universit\u00e4t der Bundeswehr M\u00fcnchen erstellte nexus den Bericht &#8220;Daten und Trends zum Mobilit\u00e4tsverhalten&#8221; sowie eine Literaturrecherche zu Mobilit\u00e4tstheorien in der Sozial- [...]","og_url":"https:\/\/nexusinstitut.de\/en\/mobilitaetspioniere\/","og_site_name":"nexus","article_published_time":"2019-07-17T14:33:05+00:00","article_modified_time":"2019-07-17T14:33:19+00:00","author":"Antje Heera","twitter_card":"summary_large_image","twitter_misc":{"Written by":"Antje Heera","Est. reading time":"1 minute"},"schema":{"@context":"https:\/\/schema.org","@graph":[{"@type":"Article","@id":"https:\/\/nexusinstitut.de\/en\/mobilitaetspioniere\/#article","isPartOf":{"@id":"https:\/\/nexusinstitut.de\/en\/mobilitaetspioniere\/"},"author":{"name":"Antje Heera","@id":"https:\/\/nexusinstitut.de\/en\/#\/schema\/person\/29fa9e953a1fa6b7b77a2811e9f39ed2"},"headline":"Mobilit\u00e4tspioniere","datePublished":"2019-07-17T14:33:05+00:00","dateModified":"2019-07-17T14:33:19+00:00","mainEntityOfPage":{"@id":"https:\/\/nexusinstitut.de\/en\/mobilitaetspioniere\/"},"wordCount":134,"publisher":{"@id":"https:\/\/nexusinstitut.de\/en\/#organization"},"keywords":["Mobilit\u00e4t","Wissenschaft"],"articleSection":["Projekt-Archiv"],"inLanguage":"en-US"},{"@type":"WebPage","@id":"https:\/\/nexusinstitut.de\/en\/mobilitaetspioniere\/","url":"https:\/\/nexusinstitut.de\/en\/mobilitaetspioniere\/","name":"Mobilit\u00e4tspioniere - nexus","isPartOf":{"@id":"https:\/\/nexusinstitut.de\/en\/#website"},"datePublished":"2019-07-17T14:33:05+00:00","dateModified":"2019-07-17T14:33:19+00:00","breadcrumb":{"@id":"https:\/\/nexusinstitut.de\/en\/mobilitaetspioniere\/#breadcrumb"},"inLanguage":"en-US","potentialAction":[{"@type":"ReadAction","target":["https:\/\/nexusinstitut.de\/en\/mobilitaetspioniere\/"]}]},{"@type":"BreadcrumbList","@id":"https:\/\/nexusinstitut.de\/en\/mobilitaetspioniere\/#breadcrumb","itemListElement":[{"@type":"ListItem","position":1,"name":"Startseite","item":"https:\/\/nexusinstitut.de\/en\/"},{"@type":"ListItem","position":2,"name":"Mobilit\u00e4tspioniere"}]},{"@type":"WebSite","@id":"https:\/\/nexusinstitut.de\/en\/#website","url":"https:\/\/nexusinstitut.de\/en\/","name":"nexus","description":"Institut f\u00fcr Forschung, Beratung und Beteiligung","publisher":{"@id":"https:\/\/nexusinstitut.de\/en\/#organization"},"potentialAction":[{"@type":"SearchAction","target":{"@type":"EntryPoint","urlTemplate":"https:\/\/nexusinstitut.de\/en\/?s={search_term_string}"},"query-input":{"@type":"PropertyValueSpecification","valueRequired":true,"valueName":"search_term_string"}}],"inLanguage":"en-US"},{"@type":"Organization","@id":"https:\/\/nexusinstitut.de\/en\/#organization","name":"nexus Institut","url":"https:\/\/nexusinstitut.de\/en\/","logo":{"@type":"ImageObject","inLanguage":"en-US","@id":"https:\/\/nexusinstitut.de\/en\/#\/schema\/logo\/image\/","url":"https:\/\/nexusinstitut.de\/wp-content\/uploads\/2019\/01\/nexus-Logo.png","contentUrl":"https:\/\/nexusinstitut.de\/wp-content\/uploads\/2019\/01\/nexus-Logo.png","width":569,"height":278,"caption":"nexus Institut"},"image":{"@id":"https:\/\/nexusinstitut.de\/en\/#\/schema\/logo\/image\/"}},{"@type":"Person","@id":"https:\/\/nexusinstitut.de\/en\/#\/schema\/person\/29fa9e953a1fa6b7b77a2811e9f39ed2","name":"Antje Heera","sameAs":["https:\/\/nexusinstitut.de"]}]}},"_links":{"self":[{"href":"https:\/\/nexusinstitut.de\/en\/wp-json\/wp\/v2\/posts\/3910","targetHints":{"allow":["GET"]}}],"collection":[{"href":"https:\/\/nexusinstitut.de\/en\/wp-json\/wp\/v2\/posts"}],"about":[{"href":"https:\/\/nexusinstitut.de\/en\/wp-json\/wp\/v2\/types\/post"}],"author":[{"embeddable":true,"href":"https:\/\/nexusinstitut.de\/en\/wp-json\/wp\/v2\/users\/6"}],"replies":[{"embeddable":true,"href":"https:\/\/nexusinstitut.de\/en\/wp-json\/wp\/v2\/comments?post=3910"}],"version-history":[{"count":0,"href":"https:\/\/nexusinstitut.de\/en\/wp-json\/wp\/v2\/posts\/3910\/revisions"}],"wp:attachment":[{"href":"https:\/\/nexusinstitut.de\/en\/wp-json\/wp\/v2\/media?parent=3910"}],"wp:term":[{"taxonomy":"category","embeddable":true,"href":"https:\/\/nexusinstitut.de\/en\/wp-json\/wp\/v2\/categories?post=3910"},{"taxonomy":"post_tag","embeddable":true,"href":"https:\/\/nexusinstitut.de\/en\/wp-json\/wp\/v2\/tags?post=3910"}],"curies":[{"name":"wp","href":"https:\/\/api.w.org\/{rel}","templated":true}]}}