{"id":3794,"date":"2019-07-17T11:19:07","date_gmt":"2019-07-17T09:19:07","guid":{"rendered":"https:\/\/nexusinstitut.de\/?p=3794"},"modified":"2019-07-17T11:32:59","modified_gmt":"2019-07-17T09:32:59","slug":"urban-catalysts-temporaere-nutzung-von-staedtischen-brachflaechen","status":"publish","type":"post","link":"https:\/\/nexusinstitut.de\/en\/urban-catalysts-temporaere-nutzung-von-staedtischen-brachflaechen\/","title":{"rendered":"Urban Catalysts &#8211; Tempor\u00e4re Nutzung von st\u00e4dtischen Brachfl\u00e4chen"},"content":{"rendered":"<p>Das innerhalb des 5. Forschungs-Rahmenprogramms der Europ\u00e4ischen Union gef\u00f6rderte Projekt betrachtete die tempor\u00e4re Nutzung von Brachfl\u00e4chen in europ\u00e4ischen Metropolen. Die tempor\u00e4re und semi-formelle Nutzung zentraler Brachfl\u00e4chen ist h\u00e4ufig Startpunkt f\u00fcr die Entwicklung lokaler \u00d6konomie und neuer Dienstleistungen und f\u00f6rdert soziale und kulturelle Entwicklungen. Die interdisziplin\u00e4re Projektgruppe mit Partnern in f\u00fcnf europ\u00e4ischen St\u00e4dten untersuchte bestehende und entwickelte neue Strategien zur tempor\u00e4ren Nutzung und integrierte sie in Methoden des modernen Stadtmanagements. Als Teil des Projektes wurde eine internetbasierte Kommunikationsplattform entwickelt, die sowohl die Kommunikation zwischen allen beteiligten Akteuren vor Ort, als auch zwischen dem Forschungsteam unterst\u00fctzte und die Ergebnisse \u00f6ffentlich zug\u00e4nglich machte.<\/p>\n<p>nexus hat den internationalen Vergleich der f\u00fcnf Fallstudien vorgenommen und analysierte, wie \u00e4hnliche planerische, \u00f6konomische und technische Problemstellungen und L\u00f6sungsans\u00e4tze unterschiedlich identifiziert und behandelt wurden.<\/p>\n<p>Die Internetseite zum Projekt ist unter <a href=\"http:\/\/www.urbancatalyst-studio.de\/\" target=\"_blank\" rel=\"noopener noreferrer\">www.urbancatalyst-studio.de<\/a> verf\u00fcgbar.<\/p>\n","protected":false},"excerpt":{"rendered":"<p>Das innerhalb des 5. Forschungs-Rahmenprogramms der Europ\u00e4ischen Union gef\u00f6rderte Projekt betrachtete die tempor\u00e4re Nutzung von Brachfl\u00e4chen in europ\u00e4ischen Metropolen. Die tempor\u00e4re und semi-formelle Nutzung zentraler Brachfl\u00e4chen ist h\u00e4ufig Startpunkt f\u00fcr  [&#8230;]<\/p>\n","protected":false},"author":6,"featured_media":0,"comment_status":"closed","ping_status":"closed","sticky":false,"template":"","format":"standard","meta":{"footnotes":""},"categories":[46],"tags":[69,84],"class_list":["post-3794","post","type-post","status-publish","format-standard","hentry","category-projekt-archiv","tag-digitalisierung","tag-stadtentwicklung"],"yoast_head":"<!-- This site is optimized with the Yoast SEO plugin v27.4 - https:\/\/yoast.com\/product\/yoast-seo-wordpress\/ -->\n<title>Urban Catalysts - Tempor\u00e4re Nutzung von st\u00e4dtischen Brachfl\u00e4chen - nexus<\/title>\n<meta name=\"robots\" content=\"index, follow, max-snippet:-1, max-image-preview:large, max-video-preview:-1\" \/>\n<link rel=\"canonical\" href=\"https:\/\/nexusinstitut.de\/en\/urban-catalysts-temporaere-nutzung-von-staedtischen-brachflaechen\/\" \/>\n<meta property=\"og:locale\" content=\"en_US\" \/>\n<meta property=\"og:type\" content=\"article\" \/>\n<meta property=\"og:title\" content=\"Urban Catalysts - Tempor\u00e4re Nutzung von st\u00e4dtischen Brachfl\u00e4chen - nexus\" \/>\n<meta property=\"og:description\" content=\"Das innerhalb des 5. Forschungs-Rahmenprogramms der Europ\u00e4ischen Union gef\u00f6rderte Projekt betrachtete die tempor\u00e4re Nutzung von Brachfl\u00e4chen in europ\u00e4ischen Metropolen. Die tempor\u00e4re und semi-formelle Nutzung zentraler Brachfl\u00e4chen ist h\u00e4ufig Startpunkt f\u00fcr [...]\" \/>\n<meta property=\"og:url\" content=\"https:\/\/nexusinstitut.de\/en\/urban-catalysts-temporaere-nutzung-von-staedtischen-brachflaechen\/\" \/>\n<meta property=\"og:site_name\" content=\"nexus\" \/>\n<meta property=\"article:published_time\" content=\"2019-07-17T09:19:07+00:00\" \/>\n<meta property=\"article:modified_time\" content=\"2019-07-17T09:32:59+00:00\" \/>\n<meta name=\"author\" content=\"Antje Heera\" \/>\n<meta name=\"twitter:card\" content=\"summary_large_image\" \/>\n<meta name=\"twitter:label1\" content=\"Written by\" \/>\n\t<meta name=\"twitter:data1\" content=\"Antje Heera\" \/>\n\t<meta name=\"twitter:label2\" content=\"Est. reading time\" \/>\n\t<meta name=\"twitter:data2\" content=\"1 minute\" \/>\n<script type=\"application\/ld+json\" class=\"yoast-schema-graph\">{\"@context\":\"https:\\\/\\\/schema.org\",\"@graph\":[{\"@type\":\"Article\",\"@id\":\"https:\\\/\\\/nexusinstitut.de\\\/en\\\/urban-catalysts-temporaere-nutzung-von-staedtischen-brachflaechen\\\/#article\",\"isPartOf\":{\"@id\":\"https:\\\/\\\/nexusinstitut.de\\\/en\\\/urban-catalysts-temporaere-nutzung-von-staedtischen-brachflaechen\\\/\"},\"author\":{\"name\":\"Antje Heera\",\"@id\":\"https:\\\/\\\/nexusinstitut.de\\\/en\\\/#\\\/schema\\\/person\\\/29fa9e953a1fa6b7b77a2811e9f39ed2\"},\"headline\":\"Urban Catalysts &#8211; Tempor\u00e4re Nutzung von st\u00e4dtischen Brachfl\u00e4chen\",\"datePublished\":\"2019-07-17T09:19:07+00:00\",\"dateModified\":\"2019-07-17T09:32:59+00:00\",\"mainEntityOfPage\":{\"@id\":\"https:\\\/\\\/nexusinstitut.de\\\/en\\\/urban-catalysts-temporaere-nutzung-von-staedtischen-brachflaechen\\\/\"},\"wordCount\":166,\"publisher\":{\"@id\":\"https:\\\/\\\/nexusinstitut.de\\\/en\\\/#organization\"},\"keywords\":[\"Digitalisierung\",\"Stadtentwicklung\"],\"articleSection\":[\"Projekt-Archiv\"],\"inLanguage\":\"en-US\"},{\"@type\":\"WebPage\",\"@id\":\"https:\\\/\\\/nexusinstitut.de\\\/en\\\/urban-catalysts-temporaere-nutzung-von-staedtischen-brachflaechen\\\/\",\"url\":\"https:\\\/\\\/nexusinstitut.de\\\/en\\\/urban-catalysts-temporaere-nutzung-von-staedtischen-brachflaechen\\\/\",\"name\":\"Urban Catalysts - Tempor\u00e4re Nutzung von st\u00e4dtischen Brachfl\u00e4chen - nexus\",\"isPartOf\":{\"@id\":\"https:\\\/\\\/nexusinstitut.de\\\/en\\\/#website\"},\"datePublished\":\"2019-07-17T09:19:07+00:00\",\"dateModified\":\"2019-07-17T09:32:59+00:00\",\"breadcrumb\":{\"@id\":\"https:\\\/\\\/nexusinstitut.de\\\/en\\\/urban-catalysts-temporaere-nutzung-von-staedtischen-brachflaechen\\\/#breadcrumb\"},\"inLanguage\":\"en-US\",\"potentialAction\":[{\"@type\":\"ReadAction\",\"target\":[\"https:\\\/\\\/nexusinstitut.de\\\/en\\\/urban-catalysts-temporaere-nutzung-von-staedtischen-brachflaechen\\\/\"]}]},{\"@type\":\"BreadcrumbList\",\"@id\":\"https:\\\/\\\/nexusinstitut.de\\\/en\\\/urban-catalysts-temporaere-nutzung-von-staedtischen-brachflaechen\\\/#breadcrumb\",\"itemListElement\":[{\"@type\":\"ListItem\",\"position\":1,\"name\":\"Startseite\",\"item\":\"https:\\\/\\\/nexusinstitut.de\\\/en\\\/\"},{\"@type\":\"ListItem\",\"position\":2,\"name\":\"Urban Catalysts &#8211; Tempor\u00e4re Nutzung von st\u00e4dtischen Brachfl\u00e4chen\"}]},{\"@type\":\"WebSite\",\"@id\":\"https:\\\/\\\/nexusinstitut.de\\\/en\\\/#website\",\"url\":\"https:\\\/\\\/nexusinstitut.de\\\/en\\\/\",\"name\":\"nexus\",\"description\":\"Institut f\u00fcr Forschung, Beratung und Beteiligung\",\"publisher\":{\"@id\":\"https:\\\/\\\/nexusinstitut.de\\\/en\\\/#organization\"},\"potentialAction\":[{\"@type\":\"SearchAction\",\"target\":{\"@type\":\"EntryPoint\",\"urlTemplate\":\"https:\\\/\\\/nexusinstitut.de\\\/en\\\/?s={search_term_string}\"},\"query-input\":{\"@type\":\"PropertyValueSpecification\",\"valueRequired\":true,\"valueName\":\"search_term_string\"}}],\"inLanguage\":\"en-US\"},{\"@type\":\"Organization\",\"@id\":\"https:\\\/\\\/nexusinstitut.de\\\/en\\\/#organization\",\"name\":\"nexus Institut\",\"url\":\"https:\\\/\\\/nexusinstitut.de\\\/en\\\/\",\"logo\":{\"@type\":\"ImageObject\",\"inLanguage\":\"en-US\",\"@id\":\"https:\\\/\\\/nexusinstitut.de\\\/en\\\/#\\\/schema\\\/logo\\\/image\\\/\",\"url\":\"https:\\\/\\\/nexusinstitut.de\\\/wp-content\\\/uploads\\\/2019\\\/01\\\/nexus-Logo.png\",\"contentUrl\":\"https:\\\/\\\/nexusinstitut.de\\\/wp-content\\\/uploads\\\/2019\\\/01\\\/nexus-Logo.png\",\"width\":569,\"height\":278,\"caption\":\"nexus Institut\"},\"image\":{\"@id\":\"https:\\\/\\\/nexusinstitut.de\\\/en\\\/#\\\/schema\\\/logo\\\/image\\\/\"}},{\"@type\":\"Person\",\"@id\":\"https:\\\/\\\/nexusinstitut.de\\\/en\\\/#\\\/schema\\\/person\\\/29fa9e953a1fa6b7b77a2811e9f39ed2\",\"name\":\"Antje Heera\",\"sameAs\":[\"https:\\\/\\\/nexusinstitut.de\"]}]}<\/script>\n<!-- \/ Yoast SEO plugin. -->","yoast_head_json":{"title":"Urban Catalysts - Tempor\u00e4re Nutzung von st\u00e4dtischen Brachfl\u00e4chen - nexus","robots":{"index":"index","follow":"follow","max-snippet":"max-snippet:-1","max-image-preview":"max-image-preview:large","max-video-preview":"max-video-preview:-1"},"canonical":"https:\/\/nexusinstitut.de\/en\/urban-catalysts-temporaere-nutzung-von-staedtischen-brachflaechen\/","og_locale":"en_US","og_type":"article","og_title":"Urban Catalysts - Tempor\u00e4re Nutzung von st\u00e4dtischen Brachfl\u00e4chen - nexus","og_description":"Das innerhalb des 5. Forschungs-Rahmenprogramms der Europ\u00e4ischen Union gef\u00f6rderte Projekt betrachtete die tempor\u00e4re Nutzung von Brachfl\u00e4chen in europ\u00e4ischen Metropolen. Die tempor\u00e4re und semi-formelle Nutzung zentraler Brachfl\u00e4chen ist h\u00e4ufig Startpunkt f\u00fcr [...]","og_url":"https:\/\/nexusinstitut.de\/en\/urban-catalysts-temporaere-nutzung-von-staedtischen-brachflaechen\/","og_site_name":"nexus","article_published_time":"2019-07-17T09:19:07+00:00","article_modified_time":"2019-07-17T09:32:59+00:00","author":"Antje Heera","twitter_card":"summary_large_image","twitter_misc":{"Written by":"Antje Heera","Est. reading time":"1 minute"},"schema":{"@context":"https:\/\/schema.org","@graph":[{"@type":"Article","@id":"https:\/\/nexusinstitut.de\/en\/urban-catalysts-temporaere-nutzung-von-staedtischen-brachflaechen\/#article","isPartOf":{"@id":"https:\/\/nexusinstitut.de\/en\/urban-catalysts-temporaere-nutzung-von-staedtischen-brachflaechen\/"},"author":{"name":"Antje Heera","@id":"https:\/\/nexusinstitut.de\/en\/#\/schema\/person\/29fa9e953a1fa6b7b77a2811e9f39ed2"},"headline":"Urban Catalysts &#8211; Tempor\u00e4re Nutzung von st\u00e4dtischen Brachfl\u00e4chen","datePublished":"2019-07-17T09:19:07+00:00","dateModified":"2019-07-17T09:32:59+00:00","mainEntityOfPage":{"@id":"https:\/\/nexusinstitut.de\/en\/urban-catalysts-temporaere-nutzung-von-staedtischen-brachflaechen\/"},"wordCount":166,"publisher":{"@id":"https:\/\/nexusinstitut.de\/en\/#organization"},"keywords":["Digitalisierung","Stadtentwicklung"],"articleSection":["Projekt-Archiv"],"inLanguage":"en-US"},{"@type":"WebPage","@id":"https:\/\/nexusinstitut.de\/en\/urban-catalysts-temporaere-nutzung-von-staedtischen-brachflaechen\/","url":"https:\/\/nexusinstitut.de\/en\/urban-catalysts-temporaere-nutzung-von-staedtischen-brachflaechen\/","name":"Urban Catalysts - Tempor\u00e4re Nutzung von st\u00e4dtischen Brachfl\u00e4chen - nexus","isPartOf":{"@id":"https:\/\/nexusinstitut.de\/en\/#website"},"datePublished":"2019-07-17T09:19:07+00:00","dateModified":"2019-07-17T09:32:59+00:00","breadcrumb":{"@id":"https:\/\/nexusinstitut.de\/en\/urban-catalysts-temporaere-nutzung-von-staedtischen-brachflaechen\/#breadcrumb"},"inLanguage":"en-US","potentialAction":[{"@type":"ReadAction","target":["https:\/\/nexusinstitut.de\/en\/urban-catalysts-temporaere-nutzung-von-staedtischen-brachflaechen\/"]}]},{"@type":"BreadcrumbList","@id":"https:\/\/nexusinstitut.de\/en\/urban-catalysts-temporaere-nutzung-von-staedtischen-brachflaechen\/#breadcrumb","itemListElement":[{"@type":"ListItem","position":1,"name":"Startseite","item":"https:\/\/nexusinstitut.de\/en\/"},{"@type":"ListItem","position":2,"name":"Urban Catalysts &#8211; Tempor\u00e4re Nutzung von st\u00e4dtischen Brachfl\u00e4chen"}]},{"@type":"WebSite","@id":"https:\/\/nexusinstitut.de\/en\/#website","url":"https:\/\/nexusinstitut.de\/en\/","name":"nexus","description":"Institut f\u00fcr Forschung, Beratung und Beteiligung","publisher":{"@id":"https:\/\/nexusinstitut.de\/en\/#organization"},"potentialAction":[{"@type":"SearchAction","target":{"@type":"EntryPoint","urlTemplate":"https:\/\/nexusinstitut.de\/en\/?s={search_term_string}"},"query-input":{"@type":"PropertyValueSpecification","valueRequired":true,"valueName":"search_term_string"}}],"inLanguage":"en-US"},{"@type":"Organization","@id":"https:\/\/nexusinstitut.de\/en\/#organization","name":"nexus Institut","url":"https:\/\/nexusinstitut.de\/en\/","logo":{"@type":"ImageObject","inLanguage":"en-US","@id":"https:\/\/nexusinstitut.de\/en\/#\/schema\/logo\/image\/","url":"https:\/\/nexusinstitut.de\/wp-content\/uploads\/2019\/01\/nexus-Logo.png","contentUrl":"https:\/\/nexusinstitut.de\/wp-content\/uploads\/2019\/01\/nexus-Logo.png","width":569,"height":278,"caption":"nexus Institut"},"image":{"@id":"https:\/\/nexusinstitut.de\/en\/#\/schema\/logo\/image\/"}},{"@type":"Person","@id":"https:\/\/nexusinstitut.de\/en\/#\/schema\/person\/29fa9e953a1fa6b7b77a2811e9f39ed2","name":"Antje Heera","sameAs":["https:\/\/nexusinstitut.de"]}]}},"_links":{"self":[{"href":"https:\/\/nexusinstitut.de\/en\/wp-json\/wp\/v2\/posts\/3794","targetHints":{"allow":["GET"]}}],"collection":[{"href":"https:\/\/nexusinstitut.de\/en\/wp-json\/wp\/v2\/posts"}],"about":[{"href":"https:\/\/nexusinstitut.de\/en\/wp-json\/wp\/v2\/types\/post"}],"author":[{"embeddable":true,"href":"https:\/\/nexusinstitut.de\/en\/wp-json\/wp\/v2\/users\/6"}],"replies":[{"embeddable":true,"href":"https:\/\/nexusinstitut.de\/en\/wp-json\/wp\/v2\/comments?post=3794"}],"version-history":[{"count":0,"href":"https:\/\/nexusinstitut.de\/en\/wp-json\/wp\/v2\/posts\/3794\/revisions"}],"wp:attachment":[{"href":"https:\/\/nexusinstitut.de\/en\/wp-json\/wp\/v2\/media?parent=3794"}],"wp:term":[{"taxonomy":"category","embeddable":true,"href":"https:\/\/nexusinstitut.de\/en\/wp-json\/wp\/v2\/categories?post=3794"},{"taxonomy":"post_tag","embeddable":true,"href":"https:\/\/nexusinstitut.de\/en\/wp-json\/wp\/v2\/tags?post=3794"}],"curies":[{"name":"wp","href":"https:\/\/api.w.org\/{rel}","templated":true}]}}