{"id":18777,"date":"2026-04-13T14:12:18","date_gmt":"2026-04-13T12:12:18","guid":{"rendered":"https:\/\/nexusinstitut.de\/?p=18777"},"modified":"2026-04-13T14:33:37","modified_gmt":"2026-04-13T12:33:37","slug":"projektname-nachwuchsforschungsgruppe-elevate-sozial-oekologische-evaluation-und-ausgestaltung-unbemannter-luftfahrtanwendungen-als-medium-nachhaltiger-stadt-und-stadt-und-stadt-umland-ve","status":"publish","type":"post","link":"https:\/\/nexusinstitut.de\/en\/projektname-nachwuchsforschungsgruppe-elevate-sozial-oekologische-evaluation-und-ausgestaltung-unbemannter-luftfahrtanwendungen-als-medium-nachhaltiger-stadt-und-stadt-und-stadt-umland-ve\/","title":{"rendered":"Nachwuchsforschungsgruppe ELEVATE \u2013 Sozial-\u00f6kologische Evaluation und Ausgestaltung unbemannter Luftfahrtanwendungen als Medium nachhaltiger Stadt- und Stadt- und Stadt-Umland-Verkehre"},"content":{"rendered":"<div class=\"fusion-fullwidth fullwidth-box fusion-builder-row-1 fusion-flex-container nonhundred-percent-fullwidth non-hundred-percent-height-scrolling\" style=\"--awb-border-radius-top-left:0px;--awb-border-radius-top-right:0px;--awb-border-radius-bottom-right:0px;--awb-border-radius-bottom-left:0px;--awb-flex-wrap:wrap;\" ><div class=\"fusion-builder-row fusion-row fusion-flex-align-items-flex-start fusion-flex-content-wrap\" style=\"max-width:1144px;margin-left: calc(-4% \/ 2 );margin-right: calc(-4% \/ 2 );\"><div class=\"fusion-layout-column fusion_builder_column fusion-builder-column-0 fusion_builder_column_1_1 1_1 fusion-flex-column\" style=\"--awb-bg-blend:overlay;--awb-bg-size:cover;--awb-width-large:100%;--awb-margin-top-large:0px;--awb-spacing-right-large:1.92%;--awb-margin-bottom-large:0px;--awb-spacing-left-large:1.92%;--awb-width-medium:100%;--awb-spacing-right-medium:1.92%;--awb-spacing-left-medium:1.92%;--awb-width-small:100%;--awb-spacing-right-small:1.92%;--awb-spacing-left-small:1.92%;\"><div class=\"fusion-column-wrapper fusion-flex-justify-content-flex-start fusion-content-layout-column\"><div class=\"fusion-text fusion-text-1\"><p><strong>ELEVATE \u2013 Sozial-\u00f6kologische Evaluation und Ausgestaltung von Drohnenlogistik<\/strong><\/p>\n<p>Unbemannte Luftfahrtsysteme (Drohnen) werden k\u00fcnftig eine deutlich gr\u00f6\u00dfere Rolle im Verkehr und in der Logistik spielen. So k\u00f6nnen Drohnen beispielsweise Kurierdienstleistungen f\u00fcr zeitkritische Waren \u00fcbernehmen oder durch eine effizientere Letzte-Meile-Logistik CO<sub>2<\/sub> einsparen. Damit w\u00e4chst auch der Bedarf, den unteren Luftraum als \u00f6ffentliche Ressource verantwortungsvoll zu gestalten \u2013 \u00f6kologisch nachhaltig, sozial akzeptiert und politisch legitimiert.<\/p>\n<p>Die Nachwuchsforschungsgruppe ELEVATE untersucht, wie innovative Luftfahrtanwendungen im Verkehrsbereich unter sozial-\u00f6kologischen Gesichtspunkten bewertet und so entwickelt werden k\u00f6nnen, dass sie einen realen Beitrag zu nachhaltigen Stadt- und Stadt-Umland-Verkehren leisten. Im Fokus stehen automatisierte und skalierbare drohnengest\u00fctzte Logistikanwendungen sowie ihre Chancen und Risiken \u2013 von Effizienzpotenzialen bis hin zu Fragen von L\u00e4rm, Sicherheit oder Rebound-Effekten.<\/p>\n<p>ELEVATE verbindet interdisziplin\u00e4re Forschung mit transdisziplin\u00e4rer Zusammenarbeit: Gemeinsam mit Praxispartnern aus Verwaltung und Wirtschaft in der Metropolregion Berlin-Brandenburg werden Beteiligungsformate erprobt, Szenarien entwickelt und Orientierungswissen f\u00fcr Politik, Regulierung und Planung erarbeitet. Das Projektteam vereint Expertise aus der Bereichen Zukunftsforschung, Operations Research, Stadt- und Verkehrsplanung sowie der sozialwissenschaftlichen Mobilit\u00e4ts- und Technikforschung. Zudem realisiert die Forschungsgruppe den Aufbau zweier angeschlossener Reallabore, in denen Transportdrohnen zum einen f\u00fcr die Verbesserung der l\u00e4ndlichen Nahversorgung und zum anderen als Logistikl\u00f6sung im Bereich der kommunalen Laborlogistik erprobt werden.<\/p>\n<p>Das Projekt ist ein Verbund der TU Berlin und dem nexus Institut. nexus verantwortet die Teilprojekte \u201eLuftraumentwicklung als Diskursfeld\u201c, \u201eGesellschaftliche Akzeptabilit\u00e4t und politische Teilhabe in der kommunalen Luftraumgestaltung\u201c sowie \u201eStadtplanerische, infrastrukturelle und gestalterische Integration\u201c.<\/p>\n<p><a href=\"https:\/\/elevate-forschung.de\/\" target=\"_blank\" rel=\"noopener\"><strong>Hier geht\u2019s zur Projekt-Webseite.<\/strong><\/a><\/p>\n<p><strong>Laufzeit:<\/strong> 08\/2025 bis 09\/2030<br \/>\n<strong>F\u00f6rdermittelgeber:<\/strong> Bundesministerium f\u00fcr Forschung, Technologie und Raumfahrt (BMFTR)<br \/>\n<strong>Projekttr\u00e4ger:<\/strong> Deutsches Zentrum f\u00fcr Luft- und Raumfahrt e.V., Bereich Umwelt und Nachhaltigkeit<br \/>\n<strong>Team<\/strong>: Dr. Robin Kellermann (Projektleitung, TU Berlin), Dr. Tobias Biehle (stellvertretende Projektleitung, nexus Institut), Laura Drechsel (nexus Institut), Volkan Sayman (nexus Institut), Niklas Wolfrum (TU Berlin), Benjamin Lehn (TU Berlin)<br \/>\n<strong>Projektpartner: <\/strong>TU Berlin, Fakult\u00e4t I, Institut f\u00fcr Berufliche Bildung und Arbeitslehre, Fachgebiet Arbeitslehre\/Technik und Partizipation<\/p>\n<p>Foto: <span class=\"blue science-text\" data-t=\"detail-panel-content-author-name\"> helivideo \u2013 stock.adobe.com<\/span><\/p>\n<\/div><\/div><\/div><\/div><\/div>\n","protected":false},"excerpt":{"rendered":"<p>nexus erforscht gemeinsam mit einem Projektteam der TU Berlin, wie der Einsatz von Transportdrohnen f\u00fcr logistische Anwendungen sozial-\u00f6kologisch bewertet, gesellschaftlich legitimiert und nachhaltig gestaltet werden kann. <\/p>\n","protected":false},"author":6,"featured_media":18778,"comment_status":"closed","ping_status":"closed","sticky":false,"template":"","format":"standard","meta":{"footnotes":""},"categories":[635,637,648,47,642,646,647,649],"tags":[],"class_list":["post-18777","post","type-post","status-publish","format-standard","has-post-thumbnail","hentry","category-buergerrat","category-digitalisierung","category-forschung-studie","category-laufendes-projekt","category-mobilitaet","category-stadtentwicklung","category-stakeholder-dialog","category-zufallsauswahl"],"yoast_head":"<!-- This site is optimized with the Yoast SEO plugin v27.4 - https:\/\/yoast.com\/product\/yoast-seo-wordpress\/ -->\n<title>Nachwuchsforschungsgruppe ELEVATE \u2013 Sozial-\u00f6kologische Evaluation und Ausgestaltung unbemannter Luftfahrtanwendungen als Medium nachhaltiger Stadt- und Stadt- und Stadt-Umland-Verkehre - nexus<\/title>\n<meta name=\"robots\" content=\"index, follow, max-snippet:-1, max-image-preview:large, max-video-preview:-1\" \/>\n<link rel=\"canonical\" href=\"https:\/\/nexusinstitut.de\/en\/projektname-nachwuchsforschungsgruppe-elevate-sozial-oekologische-evaluation-und-ausgestaltung-unbemannter-luftfahrtanwendungen-als-medium-nachhaltiger-stadt-und-stadt-und-stadt-umland-ve\/\" \/>\n<meta property=\"og:locale\" content=\"en_US\" \/>\n<meta property=\"og:type\" content=\"article\" \/>\n<meta property=\"og:title\" content=\"Nachwuchsforschungsgruppe ELEVATE \u2013 Sozial-\u00f6kologische Evaluation und Ausgestaltung unbemannter Luftfahrtanwendungen als Medium nachhaltiger Stadt- und Stadt- und Stadt-Umland-Verkehre - nexus\" \/>\n<meta property=\"og:description\" content=\"nexus erforscht gemeinsam mit einem Projektteam der TU Berlin, wie der Einsatz von Transportdrohnen f\u00fcr logistische Anwendungen sozial-\u00f6kologisch bewertet, gesellschaftlich legitimiert und nachhaltig gestaltet werden kann.\" \/>\n<meta property=\"og:url\" content=\"https:\/\/nexusinstitut.de\/en\/projektname-nachwuchsforschungsgruppe-elevate-sozial-oekologische-evaluation-und-ausgestaltung-unbemannter-luftfahrtanwendungen-als-medium-nachhaltiger-stadt-und-stadt-und-stadt-umland-ve\/\" \/>\n<meta property=\"og:site_name\" content=\"nexus\" \/>\n<meta property=\"article:published_time\" content=\"2026-04-13T12:12:18+00:00\" \/>\n<meta property=\"article:modified_time\" content=\"2026-04-13T12:33:37+00:00\" \/>\n<meta property=\"og:image\" content=\"https:\/\/nexusinstitut.de\/wp-content\/uploads\/2026\/04\/Hero-Home.jpg\" \/>\n\t<meta property=\"og:image:width\" content=\"1920\" \/>\n\t<meta property=\"og:image:height\" content=\"1200\" \/>\n\t<meta property=\"og:image:type\" content=\"image\/jpeg\" \/>\n<meta name=\"author\" content=\"Antje Heera\" \/>\n<meta name=\"twitter:card\" content=\"summary_large_image\" \/>\n<meta name=\"twitter:label1\" content=\"Written by\" \/>\n\t<meta name=\"twitter:data1\" content=\"Antje Heera\" \/>\n\t<meta name=\"twitter:label2\" content=\"Est. reading time\" \/>\n\t<meta name=\"twitter:data2\" content=\"2 minutes\" \/>\n<script type=\"application\/ld+json\" class=\"yoast-schema-graph\">{\"@context\":\"https:\\\/\\\/schema.org\",\"@graph\":[{\"@type\":\"Article\",\"@id\":\"https:\\\/\\\/nexusinstitut.de\\\/en\\\/projektname-nachwuchsforschungsgruppe-elevate-sozial-oekologische-evaluation-und-ausgestaltung-unbemannter-luftfahrtanwendungen-als-medium-nachhaltiger-stadt-und-stadt-und-stadt-umland-ve\\\/#article\",\"isPartOf\":{\"@id\":\"https:\\\/\\\/nexusinstitut.de\\\/en\\\/projektname-nachwuchsforschungsgruppe-elevate-sozial-oekologische-evaluation-und-ausgestaltung-unbemannter-luftfahrtanwendungen-als-medium-nachhaltiger-stadt-und-stadt-und-stadt-umland-ve\\\/\"},\"author\":{\"name\":\"Antje Heera\",\"@id\":\"https:\\\/\\\/nexusinstitut.de\\\/en\\\/#\\\/schema\\\/person\\\/29fa9e953a1fa6b7b77a2811e9f39ed2\"},\"headline\":\"Nachwuchsforschungsgruppe ELEVATE \u2013 Sozial-\u00f6kologische Evaluation und Ausgestaltung unbemannter Luftfahrtanwendungen als Medium nachhaltiger Stadt- und Stadt- und Stadt-Umland-Verkehre\",\"datePublished\":\"2026-04-13T12:12:18+00:00\",\"dateModified\":\"2026-04-13T12:33:37+00:00\",\"mainEntityOfPage\":{\"@id\":\"https:\\\/\\\/nexusinstitut.de\\\/en\\\/projektname-nachwuchsforschungsgruppe-elevate-sozial-oekologische-evaluation-und-ausgestaltung-unbemannter-luftfahrtanwendungen-als-medium-nachhaltiger-stadt-und-stadt-und-stadt-umland-ve\\\/\"},\"wordCount\":483,\"publisher\":{\"@id\":\"https:\\\/\\\/nexusinstitut.de\\\/en\\\/#organization\"},\"image\":{\"@id\":\"https:\\\/\\\/nexusinstitut.de\\\/en\\\/projektname-nachwuchsforschungsgruppe-elevate-sozial-oekologische-evaluation-und-ausgestaltung-unbemannter-luftfahrtanwendungen-als-medium-nachhaltiger-stadt-und-stadt-und-stadt-umland-ve\\\/#primaryimage\"},\"thumbnailUrl\":\"https:\\\/\\\/nexusinstitut.de\\\/wp-content\\\/uploads\\\/2026\\\/04\\\/Hero-Home.jpg\",\"articleSection\":[\"B\u00fcrgerrat\",\"Digitalisierung\",\"Forschung\\\/Studie\",\"Laufendes Projekt\",\"Mobilit\u00e4t\",\"Stadtentwicklung\",\"Stakeholder-Dialog\",\"Zufallsauswahl\"],\"inLanguage\":\"en-US\"},{\"@type\":\"WebPage\",\"@id\":\"https:\\\/\\\/nexusinstitut.de\\\/en\\\/projektname-nachwuchsforschungsgruppe-elevate-sozial-oekologische-evaluation-und-ausgestaltung-unbemannter-luftfahrtanwendungen-als-medium-nachhaltiger-stadt-und-stadt-und-stadt-umland-ve\\\/\",\"url\":\"https:\\\/\\\/nexusinstitut.de\\\/en\\\/projektname-nachwuchsforschungsgruppe-elevate-sozial-oekologische-evaluation-und-ausgestaltung-unbemannter-luftfahrtanwendungen-als-medium-nachhaltiger-stadt-und-stadt-und-stadt-umland-ve\\\/\",\"name\":\"Nachwuchsforschungsgruppe ELEVATE \u2013 Sozial-\u00f6kologische Evaluation und Ausgestaltung unbemannter Luftfahrtanwendungen als Medium nachhaltiger Stadt- und Stadt- und Stadt-Umland-Verkehre - nexus\",\"isPartOf\":{\"@id\":\"https:\\\/\\\/nexusinstitut.de\\\/en\\\/#website\"},\"primaryImageOfPage\":{\"@id\":\"https:\\\/\\\/nexusinstitut.de\\\/en\\\/projektname-nachwuchsforschungsgruppe-elevate-sozial-oekologische-evaluation-und-ausgestaltung-unbemannter-luftfahrtanwendungen-als-medium-nachhaltiger-stadt-und-stadt-und-stadt-umland-ve\\\/#primaryimage\"},\"image\":{\"@id\":\"https:\\\/\\\/nexusinstitut.de\\\/en\\\/projektname-nachwuchsforschungsgruppe-elevate-sozial-oekologische-evaluation-und-ausgestaltung-unbemannter-luftfahrtanwendungen-als-medium-nachhaltiger-stadt-und-stadt-und-stadt-umland-ve\\\/#primaryimage\"},\"thumbnailUrl\":\"https:\\\/\\\/nexusinstitut.de\\\/wp-content\\\/uploads\\\/2026\\\/04\\\/Hero-Home.jpg\",\"datePublished\":\"2026-04-13T12:12:18+00:00\",\"dateModified\":\"2026-04-13T12:33:37+00:00\",\"breadcrumb\":{\"@id\":\"https:\\\/\\\/nexusinstitut.de\\\/en\\\/projektname-nachwuchsforschungsgruppe-elevate-sozial-oekologische-evaluation-und-ausgestaltung-unbemannter-luftfahrtanwendungen-als-medium-nachhaltiger-stadt-und-stadt-und-stadt-umland-ve\\\/#breadcrumb\"},\"inLanguage\":\"en-US\",\"potentialAction\":[{\"@type\":\"ReadAction\",\"target\":[\"https:\\\/\\\/nexusinstitut.de\\\/en\\\/projektname-nachwuchsforschungsgruppe-elevate-sozial-oekologische-evaluation-und-ausgestaltung-unbemannter-luftfahrtanwendungen-als-medium-nachhaltiger-stadt-und-stadt-und-stadt-umland-ve\\\/\"]}]},{\"@type\":\"ImageObject\",\"inLanguage\":\"en-US\",\"@id\":\"https:\\\/\\\/nexusinstitut.de\\\/en\\\/projektname-nachwuchsforschungsgruppe-elevate-sozial-oekologische-evaluation-und-ausgestaltung-unbemannter-luftfahrtanwendungen-als-medium-nachhaltiger-stadt-und-stadt-und-stadt-umland-ve\\\/#primaryimage\",\"url\":\"https:\\\/\\\/nexusinstitut.de\\\/wp-content\\\/uploads\\\/2026\\\/04\\\/Hero-Home.jpg\",\"contentUrl\":\"https:\\\/\\\/nexusinstitut.de\\\/wp-content\\\/uploads\\\/2026\\\/04\\\/Hero-Home.jpg\",\"width\":1920,\"height\":1200},{\"@type\":\"BreadcrumbList\",\"@id\":\"https:\\\/\\\/nexusinstitut.de\\\/en\\\/projektname-nachwuchsforschungsgruppe-elevate-sozial-oekologische-evaluation-und-ausgestaltung-unbemannter-luftfahrtanwendungen-als-medium-nachhaltiger-stadt-und-stadt-und-stadt-umland-ve\\\/#breadcrumb\",\"itemListElement\":[{\"@type\":\"ListItem\",\"position\":1,\"name\":\"Startseite\",\"item\":\"https:\\\/\\\/nexusinstitut.de\\\/en\\\/\"},{\"@type\":\"ListItem\",\"position\":2,\"name\":\"Nachwuchsforschungsgruppe ELEVATE \u2013 Sozial-\u00f6kologische Evaluation und Ausgestaltung unbemannter Luftfahrtanwendungen als Medium nachhaltiger Stadt- und Stadt- und Stadt-Umland-Verkehre\"}]},{\"@type\":\"WebSite\",\"@id\":\"https:\\\/\\\/nexusinstitut.de\\\/en\\\/#website\",\"url\":\"https:\\\/\\\/nexusinstitut.de\\\/en\\\/\",\"name\":\"nexus\",\"description\":\"Institut f\u00fcr Forschung, Beratung und Beteiligung\",\"publisher\":{\"@id\":\"https:\\\/\\\/nexusinstitut.de\\\/en\\\/#organization\"},\"potentialAction\":[{\"@type\":\"SearchAction\",\"target\":{\"@type\":\"EntryPoint\",\"urlTemplate\":\"https:\\\/\\\/nexusinstitut.de\\\/en\\\/?s={search_term_string}\"},\"query-input\":{\"@type\":\"PropertyValueSpecification\",\"valueRequired\":true,\"valueName\":\"search_term_string\"}}],\"inLanguage\":\"en-US\"},{\"@type\":\"Organization\",\"@id\":\"https:\\\/\\\/nexusinstitut.de\\\/en\\\/#organization\",\"name\":\"nexus Institut\",\"url\":\"https:\\\/\\\/nexusinstitut.de\\\/en\\\/\",\"logo\":{\"@type\":\"ImageObject\",\"inLanguage\":\"en-US\",\"@id\":\"https:\\\/\\\/nexusinstitut.de\\\/en\\\/#\\\/schema\\\/logo\\\/image\\\/\",\"url\":\"https:\\\/\\\/nexusinstitut.de\\\/wp-content\\\/uploads\\\/2019\\\/01\\\/nexus-Logo.png\",\"contentUrl\":\"https:\\\/\\\/nexusinstitut.de\\\/wp-content\\\/uploads\\\/2019\\\/01\\\/nexus-Logo.png\",\"width\":569,\"height\":278,\"caption\":\"nexus Institut\"},\"image\":{\"@id\":\"https:\\\/\\\/nexusinstitut.de\\\/en\\\/#\\\/schema\\\/logo\\\/image\\\/\"}},{\"@type\":\"Person\",\"@id\":\"https:\\\/\\\/nexusinstitut.de\\\/en\\\/#\\\/schema\\\/person\\\/29fa9e953a1fa6b7b77a2811e9f39ed2\",\"name\":\"Antje Heera\",\"sameAs\":[\"https:\\\/\\\/nexusinstitut.de\"]}]}<\/script>\n<!-- \/ Yoast SEO plugin. -->","yoast_head_json":{"title":"Nachwuchsforschungsgruppe ELEVATE \u2013 Sozial-\u00f6kologische Evaluation und Ausgestaltung unbemannter Luftfahrtanwendungen als Medium nachhaltiger Stadt- und Stadt- und Stadt-Umland-Verkehre - nexus","robots":{"index":"index","follow":"follow","max-snippet":"max-snippet:-1","max-image-preview":"max-image-preview:large","max-video-preview":"max-video-preview:-1"},"canonical":"https:\/\/nexusinstitut.de\/en\/projektname-nachwuchsforschungsgruppe-elevate-sozial-oekologische-evaluation-und-ausgestaltung-unbemannter-luftfahrtanwendungen-als-medium-nachhaltiger-stadt-und-stadt-und-stadt-umland-ve\/","og_locale":"en_US","og_type":"article","og_title":"Nachwuchsforschungsgruppe ELEVATE \u2013 Sozial-\u00f6kologische Evaluation und Ausgestaltung unbemannter Luftfahrtanwendungen als Medium nachhaltiger Stadt- und Stadt- und Stadt-Umland-Verkehre - nexus","og_description":"nexus erforscht gemeinsam mit einem Projektteam der TU Berlin, wie der Einsatz von Transportdrohnen f\u00fcr logistische Anwendungen sozial-\u00f6kologisch bewertet, gesellschaftlich legitimiert und nachhaltig gestaltet werden kann.","og_url":"https:\/\/nexusinstitut.de\/en\/projektname-nachwuchsforschungsgruppe-elevate-sozial-oekologische-evaluation-und-ausgestaltung-unbemannter-luftfahrtanwendungen-als-medium-nachhaltiger-stadt-und-stadt-und-stadt-umland-ve\/","og_site_name":"nexus","article_published_time":"2026-04-13T12:12:18+00:00","article_modified_time":"2026-04-13T12:33:37+00:00","og_image":[{"width":1920,"height":1200,"url":"https:\/\/nexusinstitut.de\/wp-content\/uploads\/2026\/04\/Hero-Home.jpg","type":"image\/jpeg"}],"author":"Antje Heera","twitter_card":"summary_large_image","twitter_misc":{"Written by":"Antje Heera","Est. reading time":"2 minutes"},"schema":{"@context":"https:\/\/schema.org","@graph":[{"@type":"Article","@id":"https:\/\/nexusinstitut.de\/en\/projektname-nachwuchsforschungsgruppe-elevate-sozial-oekologische-evaluation-und-ausgestaltung-unbemannter-luftfahrtanwendungen-als-medium-nachhaltiger-stadt-und-stadt-und-stadt-umland-ve\/#article","isPartOf":{"@id":"https:\/\/nexusinstitut.de\/en\/projektname-nachwuchsforschungsgruppe-elevate-sozial-oekologische-evaluation-und-ausgestaltung-unbemannter-luftfahrtanwendungen-als-medium-nachhaltiger-stadt-und-stadt-und-stadt-umland-ve\/"},"author":{"name":"Antje Heera","@id":"https:\/\/nexusinstitut.de\/en\/#\/schema\/person\/29fa9e953a1fa6b7b77a2811e9f39ed2"},"headline":"Nachwuchsforschungsgruppe ELEVATE \u2013 Sozial-\u00f6kologische Evaluation und Ausgestaltung unbemannter Luftfahrtanwendungen als Medium nachhaltiger Stadt- und Stadt- und Stadt-Umland-Verkehre","datePublished":"2026-04-13T12:12:18+00:00","dateModified":"2026-04-13T12:33:37+00:00","mainEntityOfPage":{"@id":"https:\/\/nexusinstitut.de\/en\/projektname-nachwuchsforschungsgruppe-elevate-sozial-oekologische-evaluation-und-ausgestaltung-unbemannter-luftfahrtanwendungen-als-medium-nachhaltiger-stadt-und-stadt-und-stadt-umland-ve\/"},"wordCount":483,"publisher":{"@id":"https:\/\/nexusinstitut.de\/en\/#organization"},"image":{"@id":"https:\/\/nexusinstitut.de\/en\/projektname-nachwuchsforschungsgruppe-elevate-sozial-oekologische-evaluation-und-ausgestaltung-unbemannter-luftfahrtanwendungen-als-medium-nachhaltiger-stadt-und-stadt-und-stadt-umland-ve\/#primaryimage"},"thumbnailUrl":"https:\/\/nexusinstitut.de\/wp-content\/uploads\/2026\/04\/Hero-Home.jpg","articleSection":["B\u00fcrgerrat","Digitalisierung","Forschung\/Studie","Laufendes Projekt","Mobilit\u00e4t","Stadtentwicklung","Stakeholder-Dialog","Zufallsauswahl"],"inLanguage":"en-US"},{"@type":"WebPage","@id":"https:\/\/nexusinstitut.de\/en\/projektname-nachwuchsforschungsgruppe-elevate-sozial-oekologische-evaluation-und-ausgestaltung-unbemannter-luftfahrtanwendungen-als-medium-nachhaltiger-stadt-und-stadt-und-stadt-umland-ve\/","url":"https:\/\/nexusinstitut.de\/en\/projektname-nachwuchsforschungsgruppe-elevate-sozial-oekologische-evaluation-und-ausgestaltung-unbemannter-luftfahrtanwendungen-als-medium-nachhaltiger-stadt-und-stadt-und-stadt-umland-ve\/","name":"Nachwuchsforschungsgruppe ELEVATE \u2013 Sozial-\u00f6kologische Evaluation und Ausgestaltung unbemannter Luftfahrtanwendungen als Medium nachhaltiger Stadt- und Stadt- und Stadt-Umland-Verkehre - nexus","isPartOf":{"@id":"https:\/\/nexusinstitut.de\/en\/#website"},"primaryImageOfPage":{"@id":"https:\/\/nexusinstitut.de\/en\/projektname-nachwuchsforschungsgruppe-elevate-sozial-oekologische-evaluation-und-ausgestaltung-unbemannter-luftfahrtanwendungen-als-medium-nachhaltiger-stadt-und-stadt-und-stadt-umland-ve\/#primaryimage"},"image":{"@id":"https:\/\/nexusinstitut.de\/en\/projektname-nachwuchsforschungsgruppe-elevate-sozial-oekologische-evaluation-und-ausgestaltung-unbemannter-luftfahrtanwendungen-als-medium-nachhaltiger-stadt-und-stadt-und-stadt-umland-ve\/#primaryimage"},"thumbnailUrl":"https:\/\/nexusinstitut.de\/wp-content\/uploads\/2026\/04\/Hero-Home.jpg","datePublished":"2026-04-13T12:12:18+00:00","dateModified":"2026-04-13T12:33:37+00:00","breadcrumb":{"@id":"https:\/\/nexusinstitut.de\/en\/projektname-nachwuchsforschungsgruppe-elevate-sozial-oekologische-evaluation-und-ausgestaltung-unbemannter-luftfahrtanwendungen-als-medium-nachhaltiger-stadt-und-stadt-und-stadt-umland-ve\/#breadcrumb"},"inLanguage":"en-US","potentialAction":[{"@type":"ReadAction","target":["https:\/\/nexusinstitut.de\/en\/projektname-nachwuchsforschungsgruppe-elevate-sozial-oekologische-evaluation-und-ausgestaltung-unbemannter-luftfahrtanwendungen-als-medium-nachhaltiger-stadt-und-stadt-und-stadt-umland-ve\/"]}]},{"@type":"ImageObject","inLanguage":"en-US","@id":"https:\/\/nexusinstitut.de\/en\/projektname-nachwuchsforschungsgruppe-elevate-sozial-oekologische-evaluation-und-ausgestaltung-unbemannter-luftfahrtanwendungen-als-medium-nachhaltiger-stadt-und-stadt-und-stadt-umland-ve\/#primaryimage","url":"https:\/\/nexusinstitut.de\/wp-content\/uploads\/2026\/04\/Hero-Home.jpg","contentUrl":"https:\/\/nexusinstitut.de\/wp-content\/uploads\/2026\/04\/Hero-Home.jpg","width":1920,"height":1200},{"@type":"BreadcrumbList","@id":"https:\/\/nexusinstitut.de\/en\/projektname-nachwuchsforschungsgruppe-elevate-sozial-oekologische-evaluation-und-ausgestaltung-unbemannter-luftfahrtanwendungen-als-medium-nachhaltiger-stadt-und-stadt-und-stadt-umland-ve\/#breadcrumb","itemListElement":[{"@type":"ListItem","position":1,"name":"Startseite","item":"https:\/\/nexusinstitut.de\/en\/"},{"@type":"ListItem","position":2,"name":"Nachwuchsforschungsgruppe ELEVATE \u2013 Sozial-\u00f6kologische Evaluation und Ausgestaltung unbemannter Luftfahrtanwendungen als Medium nachhaltiger Stadt- und Stadt- und Stadt-Umland-Verkehre"}]},{"@type":"WebSite","@id":"https:\/\/nexusinstitut.de\/en\/#website","url":"https:\/\/nexusinstitut.de\/en\/","name":"nexus","description":"Institut f\u00fcr Forschung, Beratung und Beteiligung","publisher":{"@id":"https:\/\/nexusinstitut.de\/en\/#organization"},"potentialAction":[{"@type":"SearchAction","target":{"@type":"EntryPoint","urlTemplate":"https:\/\/nexusinstitut.de\/en\/?s={search_term_string}"},"query-input":{"@type":"PropertyValueSpecification","valueRequired":true,"valueName":"search_term_string"}}],"inLanguage":"en-US"},{"@type":"Organization","@id":"https:\/\/nexusinstitut.de\/en\/#organization","name":"nexus Institut","url":"https:\/\/nexusinstitut.de\/en\/","logo":{"@type":"ImageObject","inLanguage":"en-US","@id":"https:\/\/nexusinstitut.de\/en\/#\/schema\/logo\/image\/","url":"https:\/\/nexusinstitut.de\/wp-content\/uploads\/2019\/01\/nexus-Logo.png","contentUrl":"https:\/\/nexusinstitut.de\/wp-content\/uploads\/2019\/01\/nexus-Logo.png","width":569,"height":278,"caption":"nexus Institut"},"image":{"@id":"https:\/\/nexusinstitut.de\/en\/#\/schema\/logo\/image\/"}},{"@type":"Person","@id":"https:\/\/nexusinstitut.de\/en\/#\/schema\/person\/29fa9e953a1fa6b7b77a2811e9f39ed2","name":"Antje Heera","sameAs":["https:\/\/nexusinstitut.de"]}]}},"_links":{"self":[{"href":"https:\/\/nexusinstitut.de\/en\/wp-json\/wp\/v2\/posts\/18777","targetHints":{"allow":["GET"]}}],"collection":[{"href":"https:\/\/nexusinstitut.de\/en\/wp-json\/wp\/v2\/posts"}],"about":[{"href":"https:\/\/nexusinstitut.de\/en\/wp-json\/wp\/v2\/types\/post"}],"author":[{"embeddable":true,"href":"https:\/\/nexusinstitut.de\/en\/wp-json\/wp\/v2\/users\/6"}],"replies":[{"embeddable":true,"href":"https:\/\/nexusinstitut.de\/en\/wp-json\/wp\/v2\/comments?post=18777"}],"version-history":[{"count":7,"href":"https:\/\/nexusinstitut.de\/en\/wp-json\/wp\/v2\/posts\/18777\/revisions"}],"predecessor-version":[{"id":18785,"href":"https:\/\/nexusinstitut.de\/en\/wp-json\/wp\/v2\/posts\/18777\/revisions\/18785"}],"wp:featuredmedia":[{"embeddable":true,"href":"https:\/\/nexusinstitut.de\/en\/wp-json\/wp\/v2\/media\/18778"}],"wp:attachment":[{"href":"https:\/\/nexusinstitut.de\/en\/wp-json\/wp\/v2\/media?parent=18777"}],"wp:term":[{"taxonomy":"category","embeddable":true,"href":"https:\/\/nexusinstitut.de\/en\/wp-json\/wp\/v2\/categories?post=18777"},{"taxonomy":"post_tag","embeddable":true,"href":"https:\/\/nexusinstitut.de\/en\/wp-json\/wp\/v2\/tags?post=18777"}],"curies":[{"name":"wp","href":"https:\/\/api.w.org\/{rel}","templated":true}]}}