{"id":1809,"date":"2019-03-19T10:00:48","date_gmt":"2019-03-19T09:00:48","guid":{"rendered":"https:\/\/nexusinstitut.de\/?p=1809"},"modified":"2019-08-12T15:26:25","modified_gmt":"2019-08-12T13:26:25","slug":"ostallgaeuer-gemeinden-diskutieren-massnahmen-zur-klimaanpassung","status":"publish","type":"post","link":"https:\/\/nexusinstitut.de\/en\/ostallgaeuer-gemeinden-diskutieren-massnahmen-zur-klimaanpassung\/","title":{"rendered":"Ostallg\u00e4uer Gemeinden diskutieren Ma\u00dfnahmen zur Klimaanpassung"},"content":{"rendered":"<p>28 B\u00fcrgermeisterinnen und B\u00fcrgermeister waren am 18. M\u00e4rz 2019 der Einladung des Landratsamts Ostallg\u00e4u gefolgt und kamen zu einem Workshop bei dem konkrete Ma\u00dfnahmen zur Anpassung an den Klimawandel im Mittelpunkt standen. Diskutiert wurden die f\u00fcr die Gemeinden vordringlichsten Bereiche wie etwa die Zukunft der Trinkwasserversorgung, der Tourismus oder der Umbau der Land- und Forstwirtschaft.<\/p>\n<p>Der Workshop war Teil einer Reihe von Veranstaltungen rund um das Klimaanpassungskonzept, das derzeit f\u00fcr den Landkreis Ostallg\u00e4u erarbeitet wird. nexus organisiert daf\u00fcr den Austausch zwischen Wissenschaft, Praxis und den lokalen und regionalen Akteuren vor Ort. Das Konzept wird erarbeitet von einer Arbeitsgemeinschaft aus GreenAdapt, dem Potsdam Institut f\u00fcr Klimafolgenforschung (PIK) und dem Planungsb\u00fcro LUP. Auftraggeber sind der Landkreis Ostallg\u00e4u gemeinsam mit der Stadt Kaufbeuren.<\/p>\n<p>Foto: Angela Jain \/ nexus<\/p>\n","protected":false},"excerpt":{"rendered":"<p>28 B\u00fcrgermeisterinnen und B\u00fcrgermeister waren am 18. M\u00e4rz 2019 der Einladung des Landratsamts Ostallg\u00e4u gefolgt und kamen zu einem Workshop bei dem konkrete Ma\u00dfnahmen zur Anpassung an den Klimawandel im  [&#8230;]<\/p>\n","protected":false},"author":6,"featured_media":1840,"comment_status":"open","ping_status":"open","sticky":false,"template":"","format":"standard","meta":{"footnotes":""},"categories":[12],"tags":[31,54,55],"class_list":["post-1809","post","type-post","status-publish","format-standard","has-post-thumbnail","hentry","category-nachrichten","tag-klima","tag-klimawandel","tag-ostallgaeu"],"yoast_head":"<!-- This site is optimized with the Yoast SEO plugin v27.5 - https:\/\/yoast.com\/product\/yoast-seo-wordpress\/ -->\n<title>Ostallg\u00e4uer Gemeinden diskutieren Ma\u00dfnahmen zur Klimaanpassung - nexus<\/title>\n<meta name=\"robots\" content=\"index, follow, max-snippet:-1, max-image-preview:large, max-video-preview:-1\" \/>\n<link rel=\"canonical\" href=\"https:\/\/nexusinstitut.de\/en\/ostallgaeuer-gemeinden-diskutieren-massnahmen-zur-klimaanpassung\/\" \/>\n<meta property=\"og:locale\" content=\"en_US\" \/>\n<meta property=\"og:type\" content=\"article\" \/>\n<meta property=\"og:title\" content=\"Ostallg\u00e4uer Gemeinden diskutieren Ma\u00dfnahmen zur Klimaanpassung - nexus\" \/>\n<meta property=\"og:description\" content=\"28 B\u00fcrgermeisterinnen und B\u00fcrgermeister waren am 18. M\u00e4rz 2019 der Einladung des Landratsamts Ostallg\u00e4u gefolgt und kamen zu einem Workshop bei dem konkrete Ma\u00dfnahmen zur Anpassung an den Klimawandel im [...]\" \/>\n<meta property=\"og:url\" content=\"https:\/\/nexusinstitut.de\/en\/ostallgaeuer-gemeinden-diskutieren-massnahmen-zur-klimaanpassung\/\" \/>\n<meta property=\"og:site_name\" content=\"nexus\" \/>\n<meta property=\"article:published_time\" content=\"2019-03-19T09:00:48+00:00\" \/>\n<meta property=\"article:modified_time\" content=\"2019-08-12T13:26:25+00:00\" \/>\n<meta property=\"og:image\" content=\"https:\/\/nexusinstitut.de\/wp-content\/uploads\/2019\/03\/Workshop-Ostallg\u00e4u.jpg\" \/>\n\t<meta property=\"og:image:width\" content=\"1800\" \/>\n\t<meta property=\"og:image:height\" content=\"1350\" \/>\n\t<meta property=\"og:image:type\" content=\"image\/jpeg\" \/>\n<meta name=\"author\" content=\"Antje Heera\" \/>\n<meta name=\"twitter:card\" content=\"summary_large_image\" \/>\n<meta name=\"twitter:label1\" content=\"Written by\" \/>\n\t<meta name=\"twitter:data1\" content=\"Antje Heera\" \/>\n\t<meta name=\"twitter:label2\" content=\"Est. reading time\" \/>\n\t<meta name=\"twitter:data2\" content=\"1 minute\" \/>\n<script type=\"application\/ld+json\" class=\"yoast-schema-graph\">{\"@context\":\"https:\\\/\\\/schema.org\",\"@graph\":[{\"@type\":\"Article\",\"@id\":\"https:\\\/\\\/nexusinstitut.de\\\/en\\\/ostallgaeuer-gemeinden-diskutieren-massnahmen-zur-klimaanpassung\\\/#article\",\"isPartOf\":{\"@id\":\"https:\\\/\\\/nexusinstitut.de\\\/en\\\/ostallgaeuer-gemeinden-diskutieren-massnahmen-zur-klimaanpassung\\\/\"},\"author\":{\"name\":\"Antje Heera\",\"@id\":\"https:\\\/\\\/nexusinstitut.de\\\/en\\\/#\\\/schema\\\/person\\\/29fa9e953a1fa6b7b77a2811e9f39ed2\"},\"headline\":\"Ostallg\u00e4uer Gemeinden diskutieren Ma\u00dfnahmen zur Klimaanpassung\",\"datePublished\":\"2019-03-19T09:00:48+00:00\",\"dateModified\":\"2019-08-12T13:26:25+00:00\",\"mainEntityOfPage\":{\"@id\":\"https:\\\/\\\/nexusinstitut.de\\\/en\\\/ostallgaeuer-gemeinden-diskutieren-massnahmen-zur-klimaanpassung\\\/\"},\"wordCount\":141,\"commentCount\":0,\"publisher\":{\"@id\":\"https:\\\/\\\/nexusinstitut.de\\\/en\\\/#organization\"},\"image\":{\"@id\":\"https:\\\/\\\/nexusinstitut.de\\\/en\\\/ostallgaeuer-gemeinden-diskutieren-massnahmen-zur-klimaanpassung\\\/#primaryimage\"},\"thumbnailUrl\":\"https:\\\/\\\/nexusinstitut.de\\\/wp-content\\\/uploads\\\/2019\\\/03\\\/Workshop-Ostallg\u00e4u.jpg\",\"keywords\":[\"Klima\",\"Klimawandel\",\"Ostallg\u00e4u\"],\"articleSection\":[\"Nachrichten\"],\"inLanguage\":\"en-US\",\"potentialAction\":[{\"@type\":\"CommentAction\",\"name\":\"Comment\",\"target\":[\"https:\\\/\\\/nexusinstitut.de\\\/en\\\/ostallgaeuer-gemeinden-diskutieren-massnahmen-zur-klimaanpassung\\\/#respond\"]}]},{\"@type\":\"WebPage\",\"@id\":\"https:\\\/\\\/nexusinstitut.de\\\/en\\\/ostallgaeuer-gemeinden-diskutieren-massnahmen-zur-klimaanpassung\\\/\",\"url\":\"https:\\\/\\\/nexusinstitut.de\\\/en\\\/ostallgaeuer-gemeinden-diskutieren-massnahmen-zur-klimaanpassung\\\/\",\"name\":\"Ostallg\u00e4uer Gemeinden diskutieren Ma\u00dfnahmen zur Klimaanpassung - nexus\",\"isPartOf\":{\"@id\":\"https:\\\/\\\/nexusinstitut.de\\\/en\\\/#website\"},\"primaryImageOfPage\":{\"@id\":\"https:\\\/\\\/nexusinstitut.de\\\/en\\\/ostallgaeuer-gemeinden-diskutieren-massnahmen-zur-klimaanpassung\\\/#primaryimage\"},\"image\":{\"@id\":\"https:\\\/\\\/nexusinstitut.de\\\/en\\\/ostallgaeuer-gemeinden-diskutieren-massnahmen-zur-klimaanpassung\\\/#primaryimage\"},\"thumbnailUrl\":\"https:\\\/\\\/nexusinstitut.de\\\/wp-content\\\/uploads\\\/2019\\\/03\\\/Workshop-Ostallg\u00e4u.jpg\",\"datePublished\":\"2019-03-19T09:00:48+00:00\",\"dateModified\":\"2019-08-12T13:26:25+00:00\",\"breadcrumb\":{\"@id\":\"https:\\\/\\\/nexusinstitut.de\\\/en\\\/ostallgaeuer-gemeinden-diskutieren-massnahmen-zur-klimaanpassung\\\/#breadcrumb\"},\"inLanguage\":\"en-US\",\"potentialAction\":[{\"@type\":\"ReadAction\",\"target\":[\"https:\\\/\\\/nexusinstitut.de\\\/en\\\/ostallgaeuer-gemeinden-diskutieren-massnahmen-zur-klimaanpassung\\\/\"]}]},{\"@type\":\"ImageObject\",\"inLanguage\":\"en-US\",\"@id\":\"https:\\\/\\\/nexusinstitut.de\\\/en\\\/ostallgaeuer-gemeinden-diskutieren-massnahmen-zur-klimaanpassung\\\/#primaryimage\",\"url\":\"https:\\\/\\\/nexusinstitut.de\\\/wp-content\\\/uploads\\\/2019\\\/03\\\/Workshop-Ostallg\u00e4u.jpg\",\"contentUrl\":\"https:\\\/\\\/nexusinstitut.de\\\/wp-content\\\/uploads\\\/2019\\\/03\\\/Workshop-Ostallg\u00e4u.jpg\",\"width\":2048,\"height\":1536,\"caption\":\"Bild Ostallg\u00e4u\"},{\"@type\":\"BreadcrumbList\",\"@id\":\"https:\\\/\\\/nexusinstitut.de\\\/en\\\/ostallgaeuer-gemeinden-diskutieren-massnahmen-zur-klimaanpassung\\\/#breadcrumb\",\"itemListElement\":[{\"@type\":\"ListItem\",\"position\":1,\"name\":\"Startseite\",\"item\":\"https:\\\/\\\/nexusinstitut.de\\\/en\\\/\"},{\"@type\":\"ListItem\",\"position\":2,\"name\":\"Ostallg\u00e4uer Gemeinden diskutieren Ma\u00dfnahmen zur Klimaanpassung\"}]},{\"@type\":\"WebSite\",\"@id\":\"https:\\\/\\\/nexusinstitut.de\\\/en\\\/#website\",\"url\":\"https:\\\/\\\/nexusinstitut.de\\\/en\\\/\",\"name\":\"nexus\",\"description\":\"Institut f\u00fcr Forschung, Beratung und Beteiligung\",\"publisher\":{\"@id\":\"https:\\\/\\\/nexusinstitut.de\\\/en\\\/#organization\"},\"potentialAction\":[{\"@type\":\"SearchAction\",\"target\":{\"@type\":\"EntryPoint\",\"urlTemplate\":\"https:\\\/\\\/nexusinstitut.de\\\/en\\\/?s={search_term_string}\"},\"query-input\":{\"@type\":\"PropertyValueSpecification\",\"valueRequired\":true,\"valueName\":\"search_term_string\"}}],\"inLanguage\":\"en-US\"},{\"@type\":\"Organization\",\"@id\":\"https:\\\/\\\/nexusinstitut.de\\\/en\\\/#organization\",\"name\":\"nexus Institut\",\"url\":\"https:\\\/\\\/nexusinstitut.de\\\/en\\\/\",\"logo\":{\"@type\":\"ImageObject\",\"inLanguage\":\"en-US\",\"@id\":\"https:\\\/\\\/nexusinstitut.de\\\/en\\\/#\\\/schema\\\/logo\\\/image\\\/\",\"url\":\"https:\\\/\\\/nexusinstitut.de\\\/wp-content\\\/uploads\\\/2019\\\/01\\\/nexus-Logo.png\",\"contentUrl\":\"https:\\\/\\\/nexusinstitut.de\\\/wp-content\\\/uploads\\\/2019\\\/01\\\/nexus-Logo.png\",\"width\":569,\"height\":278,\"caption\":\"nexus Institut\"},\"image\":{\"@id\":\"https:\\\/\\\/nexusinstitut.de\\\/en\\\/#\\\/schema\\\/logo\\\/image\\\/\"}},{\"@type\":\"Person\",\"@id\":\"https:\\\/\\\/nexusinstitut.de\\\/en\\\/#\\\/schema\\\/person\\\/29fa9e953a1fa6b7b77a2811e9f39ed2\",\"name\":\"Antje Heera\",\"sameAs\":[\"https:\\\/\\\/nexusinstitut.de\"]}]}<\/script>\n<!-- \/ Yoast SEO plugin. -->","yoast_head_json":{"title":"Ostallg\u00e4uer Gemeinden diskutieren Ma\u00dfnahmen zur Klimaanpassung - nexus","robots":{"index":"index","follow":"follow","max-snippet":"max-snippet:-1","max-image-preview":"max-image-preview:large","max-video-preview":"max-video-preview:-1"},"canonical":"https:\/\/nexusinstitut.de\/en\/ostallgaeuer-gemeinden-diskutieren-massnahmen-zur-klimaanpassung\/","og_locale":"en_US","og_type":"article","og_title":"Ostallg\u00e4uer Gemeinden diskutieren Ma\u00dfnahmen zur Klimaanpassung - nexus","og_description":"28 B\u00fcrgermeisterinnen und B\u00fcrgermeister waren am 18. M\u00e4rz 2019 der Einladung des Landratsamts Ostallg\u00e4u gefolgt und kamen zu einem Workshop bei dem konkrete Ma\u00dfnahmen zur Anpassung an den Klimawandel im [...]","og_url":"https:\/\/nexusinstitut.de\/en\/ostallgaeuer-gemeinden-diskutieren-massnahmen-zur-klimaanpassung\/","og_site_name":"nexus","article_published_time":"2019-03-19T09:00:48+00:00","article_modified_time":"2019-08-12T13:26:25+00:00","og_image":[{"width":1800,"height":1350,"url":"https:\/\/nexusinstitut.de\/wp-content\/uploads\/2019\/03\/Workshop-Ostallg\u00e4u.jpg","type":"image\/jpeg"}],"author":"Antje Heera","twitter_card":"summary_large_image","twitter_misc":{"Written by":"Antje Heera","Est. reading time":"1 minute"},"schema":{"@context":"https:\/\/schema.org","@graph":[{"@type":"Article","@id":"https:\/\/nexusinstitut.de\/en\/ostallgaeuer-gemeinden-diskutieren-massnahmen-zur-klimaanpassung\/#article","isPartOf":{"@id":"https:\/\/nexusinstitut.de\/en\/ostallgaeuer-gemeinden-diskutieren-massnahmen-zur-klimaanpassung\/"},"author":{"name":"Antje Heera","@id":"https:\/\/nexusinstitut.de\/en\/#\/schema\/person\/29fa9e953a1fa6b7b77a2811e9f39ed2"},"headline":"Ostallg\u00e4uer Gemeinden diskutieren Ma\u00dfnahmen zur Klimaanpassung","datePublished":"2019-03-19T09:00:48+00:00","dateModified":"2019-08-12T13:26:25+00:00","mainEntityOfPage":{"@id":"https:\/\/nexusinstitut.de\/en\/ostallgaeuer-gemeinden-diskutieren-massnahmen-zur-klimaanpassung\/"},"wordCount":141,"commentCount":0,"publisher":{"@id":"https:\/\/nexusinstitut.de\/en\/#organization"},"image":{"@id":"https:\/\/nexusinstitut.de\/en\/ostallgaeuer-gemeinden-diskutieren-massnahmen-zur-klimaanpassung\/#primaryimage"},"thumbnailUrl":"https:\/\/nexusinstitut.de\/wp-content\/uploads\/2019\/03\/Workshop-Ostallg\u00e4u.jpg","keywords":["Klima","Klimawandel","Ostallg\u00e4u"],"articleSection":["Nachrichten"],"inLanguage":"en-US","potentialAction":[{"@type":"CommentAction","name":"Comment","target":["https:\/\/nexusinstitut.de\/en\/ostallgaeuer-gemeinden-diskutieren-massnahmen-zur-klimaanpassung\/#respond"]}]},{"@type":"WebPage","@id":"https:\/\/nexusinstitut.de\/en\/ostallgaeuer-gemeinden-diskutieren-massnahmen-zur-klimaanpassung\/","url":"https:\/\/nexusinstitut.de\/en\/ostallgaeuer-gemeinden-diskutieren-massnahmen-zur-klimaanpassung\/","name":"Ostallg\u00e4uer Gemeinden diskutieren Ma\u00dfnahmen zur Klimaanpassung - nexus","isPartOf":{"@id":"https:\/\/nexusinstitut.de\/en\/#website"},"primaryImageOfPage":{"@id":"https:\/\/nexusinstitut.de\/en\/ostallgaeuer-gemeinden-diskutieren-massnahmen-zur-klimaanpassung\/#primaryimage"},"image":{"@id":"https:\/\/nexusinstitut.de\/en\/ostallgaeuer-gemeinden-diskutieren-massnahmen-zur-klimaanpassung\/#primaryimage"},"thumbnailUrl":"https:\/\/nexusinstitut.de\/wp-content\/uploads\/2019\/03\/Workshop-Ostallg\u00e4u.jpg","datePublished":"2019-03-19T09:00:48+00:00","dateModified":"2019-08-12T13:26:25+00:00","breadcrumb":{"@id":"https:\/\/nexusinstitut.de\/en\/ostallgaeuer-gemeinden-diskutieren-massnahmen-zur-klimaanpassung\/#breadcrumb"},"inLanguage":"en-US","potentialAction":[{"@type":"ReadAction","target":["https:\/\/nexusinstitut.de\/en\/ostallgaeuer-gemeinden-diskutieren-massnahmen-zur-klimaanpassung\/"]}]},{"@type":"ImageObject","inLanguage":"en-US","@id":"https:\/\/nexusinstitut.de\/en\/ostallgaeuer-gemeinden-diskutieren-massnahmen-zur-klimaanpassung\/#primaryimage","url":"https:\/\/nexusinstitut.de\/wp-content\/uploads\/2019\/03\/Workshop-Ostallg\u00e4u.jpg","contentUrl":"https:\/\/nexusinstitut.de\/wp-content\/uploads\/2019\/03\/Workshop-Ostallg\u00e4u.jpg","width":2048,"height":1536,"caption":"Bild Ostallg\u00e4u"},{"@type":"BreadcrumbList","@id":"https:\/\/nexusinstitut.de\/en\/ostallgaeuer-gemeinden-diskutieren-massnahmen-zur-klimaanpassung\/#breadcrumb","itemListElement":[{"@type":"ListItem","position":1,"name":"Startseite","item":"https:\/\/nexusinstitut.de\/en\/"},{"@type":"ListItem","position":2,"name":"Ostallg\u00e4uer Gemeinden diskutieren Ma\u00dfnahmen zur Klimaanpassung"}]},{"@type":"WebSite","@id":"https:\/\/nexusinstitut.de\/en\/#website","url":"https:\/\/nexusinstitut.de\/en\/","name":"nexus","description":"Institut f\u00fcr Forschung, Beratung und Beteiligung","publisher":{"@id":"https:\/\/nexusinstitut.de\/en\/#organization"},"potentialAction":[{"@type":"SearchAction","target":{"@type":"EntryPoint","urlTemplate":"https:\/\/nexusinstitut.de\/en\/?s={search_term_string}"},"query-input":{"@type":"PropertyValueSpecification","valueRequired":true,"valueName":"search_term_string"}}],"inLanguage":"en-US"},{"@type":"Organization","@id":"https:\/\/nexusinstitut.de\/en\/#organization","name":"nexus Institut","url":"https:\/\/nexusinstitut.de\/en\/","logo":{"@type":"ImageObject","inLanguage":"en-US","@id":"https:\/\/nexusinstitut.de\/en\/#\/schema\/logo\/image\/","url":"https:\/\/nexusinstitut.de\/wp-content\/uploads\/2019\/01\/nexus-Logo.png","contentUrl":"https:\/\/nexusinstitut.de\/wp-content\/uploads\/2019\/01\/nexus-Logo.png","width":569,"height":278,"caption":"nexus Institut"},"image":{"@id":"https:\/\/nexusinstitut.de\/en\/#\/schema\/logo\/image\/"}},{"@type":"Person","@id":"https:\/\/nexusinstitut.de\/en\/#\/schema\/person\/29fa9e953a1fa6b7b77a2811e9f39ed2","name":"Antje Heera","sameAs":["https:\/\/nexusinstitut.de"]}]}},"_links":{"self":[{"href":"https:\/\/nexusinstitut.de\/en\/wp-json\/wp\/v2\/posts\/1809","targetHints":{"allow":["GET"]}}],"collection":[{"href":"https:\/\/nexusinstitut.de\/en\/wp-json\/wp\/v2\/posts"}],"about":[{"href":"https:\/\/nexusinstitut.de\/en\/wp-json\/wp\/v2\/types\/post"}],"author":[{"embeddable":true,"href":"https:\/\/nexusinstitut.de\/en\/wp-json\/wp\/v2\/users\/6"}],"replies":[{"embeddable":true,"href":"https:\/\/nexusinstitut.de\/en\/wp-json\/wp\/v2\/comments?post=1809"}],"version-history":[{"count":0,"href":"https:\/\/nexusinstitut.de\/en\/wp-json\/wp\/v2\/posts\/1809\/revisions"}],"wp:featuredmedia":[{"embeddable":true,"href":"https:\/\/nexusinstitut.de\/en\/wp-json\/wp\/v2\/media\/1840"}],"wp:attachment":[{"href":"https:\/\/nexusinstitut.de\/en\/wp-json\/wp\/v2\/media?parent=1809"}],"wp:term":[{"taxonomy":"category","embeddable":true,"href":"https:\/\/nexusinstitut.de\/en\/wp-json\/wp\/v2\/categories?post=1809"},{"taxonomy":"post_tag","embeddable":true,"href":"https:\/\/nexusinstitut.de\/en\/wp-json\/wp\/v2\/tags?post=1809"}],"curies":[{"name":"wp","href":"https:\/\/api.w.org\/{rel}","templated":true}]}}