{"id":16731,"date":"2025-03-12T14:21:04","date_gmt":"2025-03-12T13:21:04","guid":{"rendered":"https:\/\/nexusinstitut.de\/?p=16731"},"modified":"2025-03-12T14:21:04","modified_gmt":"2025-03-12T13:21:04","slug":"halbzeit-im-projekt-dialogforum-private-haushalte-2-0","status":"publish","type":"post","link":"https:\/\/nexusinstitut.de\/en\/halbzeit-im-projekt-dialogforum-private-haushalte-2-0\/","title":{"rendered":"Halbzeit im Projekt: \u201eDialogforum private Haushalte 2.0\u201c"},"content":{"rendered":"<p>In deutschen Haushalten landen immer noch viel zu viele genie\u00dfbare Lebensmittel im M\u00fcll \u2013 ein Problem, dem sich das Projekt \u201eDialogforum private Haushalte 2.0\u201c annimmt. Mit dem Ziel, die vermeidbaren Lebensmittelabf\u00e4lle zu reduzieren und nachhaltige Ern\u00e4hrungsgewohnheiten zu f\u00f6rdern, arbeitet das Projekt unter der Leitung von Slow Food Deutschland. Gef\u00f6rdert im Rahmen der Nationalen Strategie zur Reduzierung von Lebensmittelverschwendung, ist der H\u00f6hepunkt des Projekts die neue innovative, web-basierte App-Funktion des \u201e<a href=\"https:\/\/www.zugutfuerdietonne.de\/app\/kuechentagebuch\" target=\"_blank\" rel=\"noopener\">K\u00fcchentagebuchs<\/a>\u201c. Diese ist seit Mitte Januar in die beliebte \u201eZu gut f\u00fcr die Tonne!\u201c-App integriert und hilft den Nutzern, ihre Lebensmittelabf\u00e4lle zu messen und zu minimieren.<\/p>\n<p>Die durch die Bietergemeinschaft nexus und C<sup>3<\/sup>team durchgef\u00fchrte Projektevaluation ist einerseits formativ (Zwischenevaluation) und andererseits summativ gestaltet. Die Evaluation begleitet das Projektteam auch durch regelm\u00e4\u00dfige Beratungssitzungen zu interaktiven Methoden der Umsetzung, zu relevanten Aspekten der Zielerreichung und Wirkungsorientierung, und zu Reflektion und Bilanzierung der Evaluationsergebnisse.<\/p>\n<p><strong>Erfolgreicher Zwischenstand: Projekt \u201eDialogforum private Haushalte 2.0\u201c setzt positive Akzente<\/strong><\/p>\n<p>Im Januar erfolgte der erfolgreiche <a href=\"https:\/\/www.bmel.de\/SharedDocs\/Meldungen\/DE\/Presse\/2025\/250116-zu-gut-fuer-die-tonne.html\" target=\"_blank\" rel=\"noopener\">Launch<\/a> der neuen App-Funktion im Rahmen der \u201eInternationalen Gr\u00fcnen Woche\u201c, und im Februar wurde der erste Zwischenbericht des Evaluations-Teams ver\u00f6ffentlicht. Besonders hervorzuheben sind die positiven R\u00fcckmeldungen zur neuen App-Funktion, die durch ihr ansprechendes Design und ihre benutzerfreundliche Bedienung \u00fcberzeugt. Auch das Expert:innen-Netzwerk sowie das Community-Building insgesamt wurden sehr positiv bewertet.<\/p>\n<p>Das Projekt leistet nicht nur einen nachhaltigen Beitrag zur Reduzierung von Lebensmittelverschwendung, sondern f\u00f6rdert auch aktiv den Dialog und den Wissensaustausch zu diesem wichtigen Thema in Deutschland. Das enge Zusammenspiel von Slow Food Deutschland und der Technischen Universit\u00e4t Berlin st\u00e4rkt die Community und bringt vielf\u00e4ltige Akteure zusammen, die gemeinsam an einer nachhaltigeren Zukunft arbeiten. Die Schaffung eines solchen Netzwerks erm\u00f6glicht eine tiefere Auseinandersetzung mit den Herausforderungen und L\u00f6sungsans\u00e4tzen der Lebensmittelverschwendung und tr\u00e4gt zu einer breiten Sensibilisierung der Bev\u00f6lkerung bei.<\/p>\n<p>Bild: adobe stock \u2013 GreenOptix \/ <span class=\"gen-ai__label\" data-t=\"gen-ai-label\">Generiert mit KI<\/span><\/p>\n","protected":false},"excerpt":{"rendered":"<p>In deutschen Haushalten landen immer noch viel zu viele genie\u00dfbare Lebensmittel im M\u00fcll \u2013 ein Problem, dem sich das Projekt \u201eDialogforum private Haushalte 2.0\u201c annimmt. Mit dem Ziel, die vermeidbaren  [&#8230;]<\/p>\n","protected":false},"author":6,"featured_media":15908,"comment_status":"closed","ping_status":"closed","sticky":false,"template":"","format":"standard","meta":{"footnotes":""},"categories":[12],"tags":[487,68,534],"class_list":["post-16731","post","type-post","status-publish","format-standard","has-post-thumbnail","hentry","category-nachrichten","tag-dialogforum","tag-evaluation","tag-lebensmittelverschwendung"],"yoast_head":"<!-- This site is optimized with the Yoast SEO plugin v27.5 - https:\/\/yoast.com\/product\/yoast-seo-wordpress\/ -->\n<title>Halbzeit im Projekt: \u201eDialogforum private Haushalte 2.0\u201c - nexus<\/title>\n<meta name=\"robots\" content=\"index, follow, max-snippet:-1, max-image-preview:large, max-video-preview:-1\" \/>\n<link rel=\"canonical\" href=\"https:\/\/nexusinstitut.de\/en\/halbzeit-im-projekt-dialogforum-private-haushalte-2-0\/\" \/>\n<meta property=\"og:locale\" content=\"en_US\" \/>\n<meta property=\"og:type\" content=\"article\" \/>\n<meta property=\"og:title\" content=\"Halbzeit im Projekt: \u201eDialogforum private Haushalte 2.0\u201c - nexus\" \/>\n<meta property=\"og:description\" content=\"In deutschen Haushalten landen immer noch viel zu viele genie\u00dfbare Lebensmittel im M\u00fcll \u2013 ein Problem, dem sich das Projekt \u201eDialogforum private Haushalte 2.0\u201c annimmt. Mit dem Ziel, die vermeidbaren [...]\" \/>\n<meta property=\"og:url\" content=\"https:\/\/nexusinstitut.de\/en\/halbzeit-im-projekt-dialogforum-private-haushalte-2-0\/\" \/>\n<meta property=\"og:site_name\" content=\"nexus\" \/>\n<meta property=\"article:published_time\" content=\"2025-03-12T13:21:04+00:00\" \/>\n<meta property=\"og:image\" content=\"https:\/\/nexusinstitut.de\/wp-content\/uploads\/2024\/09\/AdobeStock_776503356-scaled-e1741785653136.jpeg\" \/>\n\t<meta property=\"og:image:width\" content=\"918\" \/>\n\t<meta property=\"og:image:height\" content=\"688\" \/>\n\t<meta property=\"og:image:type\" content=\"image\/jpeg\" \/>\n<meta name=\"author\" content=\"Antje Heera\" \/>\n<meta name=\"twitter:card\" content=\"summary_large_image\" \/>\n<meta name=\"twitter:label1\" content=\"Written by\" \/>\n\t<meta name=\"twitter:data1\" content=\"Antje Heera\" \/>\n\t<meta name=\"twitter:label2\" content=\"Est. reading time\" \/>\n\t<meta name=\"twitter:data2\" content=\"2 minutes\" \/>\n<script type=\"application\/ld+json\" class=\"yoast-schema-graph\">{\"@context\":\"https:\\\/\\\/schema.org\",\"@graph\":[{\"@type\":\"Article\",\"@id\":\"https:\\\/\\\/nexusinstitut.de\\\/en\\\/halbzeit-im-projekt-dialogforum-private-haushalte-2-0\\\/#article\",\"isPartOf\":{\"@id\":\"https:\\\/\\\/nexusinstitut.de\\\/en\\\/halbzeit-im-projekt-dialogforum-private-haushalte-2-0\\\/\"},\"author\":{\"name\":\"Antje Heera\",\"@id\":\"https:\\\/\\\/nexusinstitut.de\\\/en\\\/#\\\/schema\\\/person\\\/29fa9e953a1fa6b7b77a2811e9f39ed2\"},\"headline\":\"Halbzeit im Projekt: \u201eDialogforum private Haushalte 2.0\u201c\",\"datePublished\":\"2025-03-12T13:21:04+00:00\",\"mainEntityOfPage\":{\"@id\":\"https:\\\/\\\/nexusinstitut.de\\\/en\\\/halbzeit-im-projekt-dialogforum-private-haushalte-2-0\\\/\"},\"wordCount\":321,\"publisher\":{\"@id\":\"https:\\\/\\\/nexusinstitut.de\\\/en\\\/#organization\"},\"image\":{\"@id\":\"https:\\\/\\\/nexusinstitut.de\\\/en\\\/halbzeit-im-projekt-dialogforum-private-haushalte-2-0\\\/#primaryimage\"},\"thumbnailUrl\":\"https:\\\/\\\/nexusinstitut.de\\\/wp-content\\\/uploads\\\/2024\\\/09\\\/AdobeStock_776503356-scaled-e1741785653136.jpeg\",\"keywords\":[\"Dialogforum\",\"Evaluation\",\"Lebensmittelverschwendung\"],\"articleSection\":[\"Nachrichten\"],\"inLanguage\":\"en-US\"},{\"@type\":\"WebPage\",\"@id\":\"https:\\\/\\\/nexusinstitut.de\\\/en\\\/halbzeit-im-projekt-dialogforum-private-haushalte-2-0\\\/\",\"url\":\"https:\\\/\\\/nexusinstitut.de\\\/en\\\/halbzeit-im-projekt-dialogforum-private-haushalte-2-0\\\/\",\"name\":\"Halbzeit im Projekt: \u201eDialogforum private Haushalte 2.0\u201c - nexus\",\"isPartOf\":{\"@id\":\"https:\\\/\\\/nexusinstitut.de\\\/en\\\/#website\"},\"primaryImageOfPage\":{\"@id\":\"https:\\\/\\\/nexusinstitut.de\\\/en\\\/halbzeit-im-projekt-dialogforum-private-haushalte-2-0\\\/#primaryimage\"},\"image\":{\"@id\":\"https:\\\/\\\/nexusinstitut.de\\\/en\\\/halbzeit-im-projekt-dialogforum-private-haushalte-2-0\\\/#primaryimage\"},\"thumbnailUrl\":\"https:\\\/\\\/nexusinstitut.de\\\/wp-content\\\/uploads\\\/2024\\\/09\\\/AdobeStock_776503356-scaled-e1741785653136.jpeg\",\"datePublished\":\"2025-03-12T13:21:04+00:00\",\"breadcrumb\":{\"@id\":\"https:\\\/\\\/nexusinstitut.de\\\/en\\\/halbzeit-im-projekt-dialogforum-private-haushalte-2-0\\\/#breadcrumb\"},\"inLanguage\":\"en-US\",\"potentialAction\":[{\"@type\":\"ReadAction\",\"target\":[\"https:\\\/\\\/nexusinstitut.de\\\/en\\\/halbzeit-im-projekt-dialogforum-private-haushalte-2-0\\\/\"]}]},{\"@type\":\"ImageObject\",\"inLanguage\":\"en-US\",\"@id\":\"https:\\\/\\\/nexusinstitut.de\\\/en\\\/halbzeit-im-projekt-dialogforum-private-haushalte-2-0\\\/#primaryimage\",\"url\":\"https:\\\/\\\/nexusinstitut.de\\\/wp-content\\\/uploads\\\/2024\\\/09\\\/AdobeStock_776503356-scaled-e1741785653136.jpeg\",\"contentUrl\":\"https:\\\/\\\/nexusinstitut.de\\\/wp-content\\\/uploads\\\/2024\\\/09\\\/AdobeStock_776503356-scaled-e1741785653136.jpeg\",\"width\":918,\"height\":688,\"caption\":\"Bio-Kompost, biologisch abbaubare K\u00fcchenabf\u00e4lle und Erde, Konzept Banner Nachhaltigkeit\"},{\"@type\":\"BreadcrumbList\",\"@id\":\"https:\\\/\\\/nexusinstitut.de\\\/en\\\/halbzeit-im-projekt-dialogforum-private-haushalte-2-0\\\/#breadcrumb\",\"itemListElement\":[{\"@type\":\"ListItem\",\"position\":1,\"name\":\"Startseite\",\"item\":\"https:\\\/\\\/nexusinstitut.de\\\/en\\\/\"},{\"@type\":\"ListItem\",\"position\":2,\"name\":\"Halbzeit im Projekt: \u201eDialogforum private Haushalte 2.0\u201c\"}]},{\"@type\":\"WebSite\",\"@id\":\"https:\\\/\\\/nexusinstitut.de\\\/en\\\/#website\",\"url\":\"https:\\\/\\\/nexusinstitut.de\\\/en\\\/\",\"name\":\"nexus\",\"description\":\"Institut f\u00fcr Forschung, Beratung und Beteiligung\",\"publisher\":{\"@id\":\"https:\\\/\\\/nexusinstitut.de\\\/en\\\/#organization\"},\"potentialAction\":[{\"@type\":\"SearchAction\",\"target\":{\"@type\":\"EntryPoint\",\"urlTemplate\":\"https:\\\/\\\/nexusinstitut.de\\\/en\\\/?s={search_term_string}\"},\"query-input\":{\"@type\":\"PropertyValueSpecification\",\"valueRequired\":true,\"valueName\":\"search_term_string\"}}],\"inLanguage\":\"en-US\"},{\"@type\":\"Organization\",\"@id\":\"https:\\\/\\\/nexusinstitut.de\\\/en\\\/#organization\",\"name\":\"nexus Institut\",\"url\":\"https:\\\/\\\/nexusinstitut.de\\\/en\\\/\",\"logo\":{\"@type\":\"ImageObject\",\"inLanguage\":\"en-US\",\"@id\":\"https:\\\/\\\/nexusinstitut.de\\\/en\\\/#\\\/schema\\\/logo\\\/image\\\/\",\"url\":\"https:\\\/\\\/nexusinstitut.de\\\/wp-content\\\/uploads\\\/2019\\\/01\\\/nexus-Logo.png\",\"contentUrl\":\"https:\\\/\\\/nexusinstitut.de\\\/wp-content\\\/uploads\\\/2019\\\/01\\\/nexus-Logo.png\",\"width\":569,\"height\":278,\"caption\":\"nexus Institut\"},\"image\":{\"@id\":\"https:\\\/\\\/nexusinstitut.de\\\/en\\\/#\\\/schema\\\/logo\\\/image\\\/\"}},{\"@type\":\"Person\",\"@id\":\"https:\\\/\\\/nexusinstitut.de\\\/en\\\/#\\\/schema\\\/person\\\/29fa9e953a1fa6b7b77a2811e9f39ed2\",\"name\":\"Antje Heera\",\"sameAs\":[\"https:\\\/\\\/nexusinstitut.de\"]}]}<\/script>\n<!-- \/ Yoast SEO plugin. -->","yoast_head_json":{"title":"Halbzeit im Projekt: \u201eDialogforum private Haushalte 2.0\u201c - nexus","robots":{"index":"index","follow":"follow","max-snippet":"max-snippet:-1","max-image-preview":"max-image-preview:large","max-video-preview":"max-video-preview:-1"},"canonical":"https:\/\/nexusinstitut.de\/en\/halbzeit-im-projekt-dialogforum-private-haushalte-2-0\/","og_locale":"en_US","og_type":"article","og_title":"Halbzeit im Projekt: \u201eDialogforum private Haushalte 2.0\u201c - nexus","og_description":"In deutschen Haushalten landen immer noch viel zu viele genie\u00dfbare Lebensmittel im M\u00fcll \u2013 ein Problem, dem sich das Projekt \u201eDialogforum private Haushalte 2.0\u201c annimmt. Mit dem Ziel, die vermeidbaren [...]","og_url":"https:\/\/nexusinstitut.de\/en\/halbzeit-im-projekt-dialogforum-private-haushalte-2-0\/","og_site_name":"nexus","article_published_time":"2025-03-12T13:21:04+00:00","og_image":[{"width":918,"height":688,"url":"https:\/\/nexusinstitut.de\/wp-content\/uploads\/2024\/09\/AdobeStock_776503356-scaled-e1741785653136.jpeg","type":"image\/jpeg"}],"author":"Antje Heera","twitter_card":"summary_large_image","twitter_misc":{"Written by":"Antje Heera","Est. reading time":"2 minutes"},"schema":{"@context":"https:\/\/schema.org","@graph":[{"@type":"Article","@id":"https:\/\/nexusinstitut.de\/en\/halbzeit-im-projekt-dialogforum-private-haushalte-2-0\/#article","isPartOf":{"@id":"https:\/\/nexusinstitut.de\/en\/halbzeit-im-projekt-dialogforum-private-haushalte-2-0\/"},"author":{"name":"Antje Heera","@id":"https:\/\/nexusinstitut.de\/en\/#\/schema\/person\/29fa9e953a1fa6b7b77a2811e9f39ed2"},"headline":"Halbzeit im Projekt: \u201eDialogforum private Haushalte 2.0\u201c","datePublished":"2025-03-12T13:21:04+00:00","mainEntityOfPage":{"@id":"https:\/\/nexusinstitut.de\/en\/halbzeit-im-projekt-dialogforum-private-haushalte-2-0\/"},"wordCount":321,"publisher":{"@id":"https:\/\/nexusinstitut.de\/en\/#organization"},"image":{"@id":"https:\/\/nexusinstitut.de\/en\/halbzeit-im-projekt-dialogforum-private-haushalte-2-0\/#primaryimage"},"thumbnailUrl":"https:\/\/nexusinstitut.de\/wp-content\/uploads\/2024\/09\/AdobeStock_776503356-scaled-e1741785653136.jpeg","keywords":["Dialogforum","Evaluation","Lebensmittelverschwendung"],"articleSection":["Nachrichten"],"inLanguage":"en-US"},{"@type":"WebPage","@id":"https:\/\/nexusinstitut.de\/en\/halbzeit-im-projekt-dialogforum-private-haushalte-2-0\/","url":"https:\/\/nexusinstitut.de\/en\/halbzeit-im-projekt-dialogforum-private-haushalte-2-0\/","name":"Halbzeit im Projekt: \u201eDialogforum private Haushalte 2.0\u201c - nexus","isPartOf":{"@id":"https:\/\/nexusinstitut.de\/en\/#website"},"primaryImageOfPage":{"@id":"https:\/\/nexusinstitut.de\/en\/halbzeit-im-projekt-dialogforum-private-haushalte-2-0\/#primaryimage"},"image":{"@id":"https:\/\/nexusinstitut.de\/en\/halbzeit-im-projekt-dialogforum-private-haushalte-2-0\/#primaryimage"},"thumbnailUrl":"https:\/\/nexusinstitut.de\/wp-content\/uploads\/2024\/09\/AdobeStock_776503356-scaled-e1741785653136.jpeg","datePublished":"2025-03-12T13:21:04+00:00","breadcrumb":{"@id":"https:\/\/nexusinstitut.de\/en\/halbzeit-im-projekt-dialogforum-private-haushalte-2-0\/#breadcrumb"},"inLanguage":"en-US","potentialAction":[{"@type":"ReadAction","target":["https:\/\/nexusinstitut.de\/en\/halbzeit-im-projekt-dialogforum-private-haushalte-2-0\/"]}]},{"@type":"ImageObject","inLanguage":"en-US","@id":"https:\/\/nexusinstitut.de\/en\/halbzeit-im-projekt-dialogforum-private-haushalte-2-0\/#primaryimage","url":"https:\/\/nexusinstitut.de\/wp-content\/uploads\/2024\/09\/AdobeStock_776503356-scaled-e1741785653136.jpeg","contentUrl":"https:\/\/nexusinstitut.de\/wp-content\/uploads\/2024\/09\/AdobeStock_776503356-scaled-e1741785653136.jpeg","width":918,"height":688,"caption":"Bio-Kompost, biologisch abbaubare K\u00fcchenabf\u00e4lle und Erde, Konzept Banner Nachhaltigkeit"},{"@type":"BreadcrumbList","@id":"https:\/\/nexusinstitut.de\/en\/halbzeit-im-projekt-dialogforum-private-haushalte-2-0\/#breadcrumb","itemListElement":[{"@type":"ListItem","position":1,"name":"Startseite","item":"https:\/\/nexusinstitut.de\/en\/"},{"@type":"ListItem","position":2,"name":"Halbzeit im Projekt: \u201eDialogforum private Haushalte 2.0\u201c"}]},{"@type":"WebSite","@id":"https:\/\/nexusinstitut.de\/en\/#website","url":"https:\/\/nexusinstitut.de\/en\/","name":"nexus","description":"Institut f\u00fcr Forschung, Beratung und Beteiligung","publisher":{"@id":"https:\/\/nexusinstitut.de\/en\/#organization"},"potentialAction":[{"@type":"SearchAction","target":{"@type":"EntryPoint","urlTemplate":"https:\/\/nexusinstitut.de\/en\/?s={search_term_string}"},"query-input":{"@type":"PropertyValueSpecification","valueRequired":true,"valueName":"search_term_string"}}],"inLanguage":"en-US"},{"@type":"Organization","@id":"https:\/\/nexusinstitut.de\/en\/#organization","name":"nexus Institut","url":"https:\/\/nexusinstitut.de\/en\/","logo":{"@type":"ImageObject","inLanguage":"en-US","@id":"https:\/\/nexusinstitut.de\/en\/#\/schema\/logo\/image\/","url":"https:\/\/nexusinstitut.de\/wp-content\/uploads\/2019\/01\/nexus-Logo.png","contentUrl":"https:\/\/nexusinstitut.de\/wp-content\/uploads\/2019\/01\/nexus-Logo.png","width":569,"height":278,"caption":"nexus Institut"},"image":{"@id":"https:\/\/nexusinstitut.de\/en\/#\/schema\/logo\/image\/"}},{"@type":"Person","@id":"https:\/\/nexusinstitut.de\/en\/#\/schema\/person\/29fa9e953a1fa6b7b77a2811e9f39ed2","name":"Antje Heera","sameAs":["https:\/\/nexusinstitut.de"]}]}},"_links":{"self":[{"href":"https:\/\/nexusinstitut.de\/en\/wp-json\/wp\/v2\/posts\/16731","targetHints":{"allow":["GET"]}}],"collection":[{"href":"https:\/\/nexusinstitut.de\/en\/wp-json\/wp\/v2\/posts"}],"about":[{"href":"https:\/\/nexusinstitut.de\/en\/wp-json\/wp\/v2\/types\/post"}],"author":[{"embeddable":true,"href":"https:\/\/nexusinstitut.de\/en\/wp-json\/wp\/v2\/users\/6"}],"replies":[{"embeddable":true,"href":"https:\/\/nexusinstitut.de\/en\/wp-json\/wp\/v2\/comments?post=16731"}],"version-history":[{"count":1,"href":"https:\/\/nexusinstitut.de\/en\/wp-json\/wp\/v2\/posts\/16731\/revisions"}],"predecessor-version":[{"id":16732,"href":"https:\/\/nexusinstitut.de\/en\/wp-json\/wp\/v2\/posts\/16731\/revisions\/16732"}],"wp:featuredmedia":[{"embeddable":true,"href":"https:\/\/nexusinstitut.de\/en\/wp-json\/wp\/v2\/media\/15908"}],"wp:attachment":[{"href":"https:\/\/nexusinstitut.de\/en\/wp-json\/wp\/v2\/media?parent=16731"}],"wp:term":[{"taxonomy":"category","embeddable":true,"href":"https:\/\/nexusinstitut.de\/en\/wp-json\/wp\/v2\/categories?post=16731"},{"taxonomy":"post_tag","embeddable":true,"href":"https:\/\/nexusinstitut.de\/en\/wp-json\/wp\/v2\/tags?post=16731"}],"curies":[{"name":"wp","href":"https:\/\/api.w.org\/{rel}","templated":true}]}}