{"id":16045,"date":"2024-10-23T16:54:13","date_gmt":"2024-10-23T14:54:13","guid":{"rendered":"https:\/\/nexusinstitut.de\/?p=16045"},"modified":"2024-10-23T17:10:04","modified_gmt":"2024-10-23T15:10:04","slug":"die-projektevaluation-dialogforum-private-haushalte-2-0-nimmt-fahrt-auf","status":"publish","type":"post","link":"https:\/\/nexusinstitut.de\/en\/die-projektevaluation-dialogforum-private-haushalte-2-0-nimmt-fahrt-auf\/","title":{"rendered":"Die Projektevaluation \u201eDialogforum private Haushalte 2.0\u201c nimmt Fahrt auf!"},"content":{"rendered":"<p>Die Begleitevaluation des Projekts zur Reduzierung von Lebensmittelverschwendung in privaten Haushalten hat am 10. Oktober die Konzeptionsphase mit einem partizipativen Indikatoren-Workshop abgeschlossen. Acht Mitwirkende des Projektteams aus TU Berlin und Slow Food Deutschland und das Evaluationsteam von nexus und C\u00b3 nahmen am digitalen Workshop teil. Dabei wurde das Feinkonzept der Evaluation vorgestellt, die Indikatoren f\u00fcr Erfassung der Zielerreichung feinabgestimmt sowie Erhebungsinstrumente, &#8211; zeitpunkte und offene Fragen diskutiert.<\/p>\n<p>In interaktiven selbstmoderierten Kleingruppen hatte das Projektteam im Anschluss die Gelegenheit Themen wie Erfolg und Gelingen zu vertiefen, Erfolgsvorstellungen, Ideen und Visionen f\u00fcr Zielerreichung zu erarbeiten.<\/p>\n<p>Das Evaluationsteam war bereits bei einem der Dialogtreffen des Projekts in Berlin dabei und hat die teilnehmende Beobachtung durchgef\u00fchrt.<\/p>\n<p>Am 15. Oktober hat das Team von Slow Food Deutschland zusammen mit Expert:innen und Engagierten gegen Lebensmittelverschwendung aus der Zivilgesellschaft erste App-Funktionen getestet. Diese sollen als Erweiterung der bereits verf\u00fcgbaren &#8220;Zu gut f\u00fcr die Tonne! \u2013 App&#8221; privaten Haushalten helfen, ihre Lebensmittelabf\u00e4lle zu \u00fcberpr\u00fcfen und zu reduzieren.<\/p>\n<p><a href=\"https:\/\/www.slowfood.de\/aktuelles\/2024\/mit-waage-smartphone-und-vergessenen-aepfeln\" target=\"_blank\" rel=\"noopener\"><strong>Mehr Informationen finden Sie hier.<\/strong><\/a><\/p>\n<p>Bild: adobe stock \u2013 GreenOptix \/ <span class=\"gen-ai__label\" data-t=\"gen-ai-label\">Generiert mit KI<\/span><\/p>\n<p>&nbsp;<\/p>\n","protected":false},"excerpt":{"rendered":"<p>Die Begleitevaluation des Projekts zur Reduzierung von Lebensmittelverschwendung in privaten Haushalten hat am 10. Oktober die Konzeptionsphase mit einem partizipativen Indikatoren-Workshop abgeschlossen. Acht Mitwirkende des Projektteams aus TU Berlin und  [&#8230;]<\/p>\n","protected":false},"author":6,"featured_media":15908,"comment_status":"closed","ping_status":"closed","sticky":false,"template":"","format":"standard","meta":{"footnotes":""},"categories":[12],"tags":[68,101,534,778,499],"class_list":["post-16045","post","type-post","status-publish","format-standard","has-post-thumbnail","hentry","category-nachrichten","tag-evaluation","tag-gesundheit","tag-lebensmittelverschwendung","tag-slow-food-deutschland","tag-tu-berlin"],"yoast_head":"<!-- This site is optimized with the Yoast SEO plugin v27.5 - https:\/\/yoast.com\/product\/yoast-seo-wordpress\/ -->\n<title>Die Projektevaluation \u201eDialogforum private Haushalte 2.0\u201c nimmt Fahrt auf! - nexus<\/title>\n<meta name=\"robots\" content=\"index, follow, max-snippet:-1, max-image-preview:large, max-video-preview:-1\" \/>\n<link rel=\"canonical\" href=\"https:\/\/nexusinstitut.de\/en\/die-projektevaluation-dialogforum-private-haushalte-2-0-nimmt-fahrt-auf\/\" \/>\n<meta property=\"og:locale\" content=\"en_US\" \/>\n<meta property=\"og:type\" content=\"article\" \/>\n<meta property=\"og:title\" content=\"Die Projektevaluation \u201eDialogforum private Haushalte 2.0\u201c nimmt Fahrt auf! - nexus\" \/>\n<meta property=\"og:description\" content=\"Die Begleitevaluation des Projekts zur Reduzierung von Lebensmittelverschwendung in privaten Haushalten hat am 10. Oktober die Konzeptionsphase mit einem partizipativen Indikatoren-Workshop abgeschlossen. Acht Mitwirkende des Projektteams aus TU Berlin und [...]\" \/>\n<meta property=\"og:url\" content=\"https:\/\/nexusinstitut.de\/en\/die-projektevaluation-dialogforum-private-haushalte-2-0-nimmt-fahrt-auf\/\" \/>\n<meta property=\"og:site_name\" content=\"nexus\" \/>\n<meta property=\"article:published_time\" content=\"2024-10-23T14:54:13+00:00\" \/>\n<meta property=\"article:modified_time\" content=\"2024-10-23T15:10:04+00:00\" \/>\n<meta property=\"og:image\" content=\"https:\/\/nexusinstitut.de\/wp-content\/uploads\/2024\/09\/AdobeStock_776503356-scaled-e1729695242322.jpeg\" \/>\n\t<meta property=\"og:image:width\" content=\"918\" \/>\n\t<meta property=\"og:image:height\" content=\"688\" \/>\n\t<meta property=\"og:image:type\" content=\"image\/jpeg\" \/>\n<meta name=\"author\" content=\"Antje Heera\" \/>\n<meta name=\"twitter:card\" content=\"summary_large_image\" \/>\n<meta name=\"twitter:label1\" content=\"Written by\" \/>\n\t<meta name=\"twitter:data1\" content=\"Antje Heera\" \/>\n\t<meta name=\"twitter:label2\" content=\"Est. reading time\" \/>\n\t<meta name=\"twitter:data2\" content=\"1 minute\" \/>\n<script type=\"application\/ld+json\" class=\"yoast-schema-graph\">{\"@context\":\"https:\\\/\\\/schema.org\",\"@graph\":[{\"@type\":\"Article\",\"@id\":\"https:\\\/\\\/nexusinstitut.de\\\/en\\\/die-projektevaluation-dialogforum-private-haushalte-2-0-nimmt-fahrt-auf\\\/#article\",\"isPartOf\":{\"@id\":\"https:\\\/\\\/nexusinstitut.de\\\/en\\\/die-projektevaluation-dialogforum-private-haushalte-2-0-nimmt-fahrt-auf\\\/\"},\"author\":{\"name\":\"Antje Heera\",\"@id\":\"https:\\\/\\\/nexusinstitut.de\\\/en\\\/#\\\/schema\\\/person\\\/29fa9e953a1fa6b7b77a2811e9f39ed2\"},\"headline\":\"Die Projektevaluation \u201eDialogforum private Haushalte 2.0\u201c nimmt Fahrt auf!\",\"datePublished\":\"2024-10-23T14:54:13+00:00\",\"dateModified\":\"2024-10-23T15:10:04+00:00\",\"mainEntityOfPage\":{\"@id\":\"https:\\\/\\\/nexusinstitut.de\\\/en\\\/die-projektevaluation-dialogforum-private-haushalte-2-0-nimmt-fahrt-auf\\\/\"},\"wordCount\":185,\"publisher\":{\"@id\":\"https:\\\/\\\/nexusinstitut.de\\\/en\\\/#organization\"},\"image\":{\"@id\":\"https:\\\/\\\/nexusinstitut.de\\\/en\\\/die-projektevaluation-dialogforum-private-haushalte-2-0-nimmt-fahrt-auf\\\/#primaryimage\"},\"thumbnailUrl\":\"https:\\\/\\\/nexusinstitut.de\\\/wp-content\\\/uploads\\\/2024\\\/09\\\/AdobeStock_776503356-scaled-e1741785653136.jpeg\",\"keywords\":[\"Evaluation\",\"Gesundheit\",\"Lebensmittelverschwendung\",\"Slow Food Deutschland\",\"TU Berlin\"],\"articleSection\":[\"Nachrichten\"],\"inLanguage\":\"en-US\"},{\"@type\":\"WebPage\",\"@id\":\"https:\\\/\\\/nexusinstitut.de\\\/en\\\/die-projektevaluation-dialogforum-private-haushalte-2-0-nimmt-fahrt-auf\\\/\",\"url\":\"https:\\\/\\\/nexusinstitut.de\\\/en\\\/die-projektevaluation-dialogforum-private-haushalte-2-0-nimmt-fahrt-auf\\\/\",\"name\":\"Die Projektevaluation \u201eDialogforum private Haushalte 2.0\u201c nimmt Fahrt auf! - nexus\",\"isPartOf\":{\"@id\":\"https:\\\/\\\/nexusinstitut.de\\\/en\\\/#website\"},\"primaryImageOfPage\":{\"@id\":\"https:\\\/\\\/nexusinstitut.de\\\/en\\\/die-projektevaluation-dialogforum-private-haushalte-2-0-nimmt-fahrt-auf\\\/#primaryimage\"},\"image\":{\"@id\":\"https:\\\/\\\/nexusinstitut.de\\\/en\\\/die-projektevaluation-dialogforum-private-haushalte-2-0-nimmt-fahrt-auf\\\/#primaryimage\"},\"thumbnailUrl\":\"https:\\\/\\\/nexusinstitut.de\\\/wp-content\\\/uploads\\\/2024\\\/09\\\/AdobeStock_776503356-scaled-e1741785653136.jpeg\",\"datePublished\":\"2024-10-23T14:54:13+00:00\",\"dateModified\":\"2024-10-23T15:10:04+00:00\",\"breadcrumb\":{\"@id\":\"https:\\\/\\\/nexusinstitut.de\\\/en\\\/die-projektevaluation-dialogforum-private-haushalte-2-0-nimmt-fahrt-auf\\\/#breadcrumb\"},\"inLanguage\":\"en-US\",\"potentialAction\":[{\"@type\":\"ReadAction\",\"target\":[\"https:\\\/\\\/nexusinstitut.de\\\/en\\\/die-projektevaluation-dialogforum-private-haushalte-2-0-nimmt-fahrt-auf\\\/\"]}]},{\"@type\":\"ImageObject\",\"inLanguage\":\"en-US\",\"@id\":\"https:\\\/\\\/nexusinstitut.de\\\/en\\\/die-projektevaluation-dialogforum-private-haushalte-2-0-nimmt-fahrt-auf\\\/#primaryimage\",\"url\":\"https:\\\/\\\/nexusinstitut.de\\\/wp-content\\\/uploads\\\/2024\\\/09\\\/AdobeStock_776503356-scaled-e1741785653136.jpeg\",\"contentUrl\":\"https:\\\/\\\/nexusinstitut.de\\\/wp-content\\\/uploads\\\/2024\\\/09\\\/AdobeStock_776503356-scaled-e1741785653136.jpeg\",\"width\":918,\"height\":688,\"caption\":\"Bio-Kompost, biologisch abbaubare K\u00fcchenabf\u00e4lle und Erde, Konzept Banner Nachhaltigkeit\"},{\"@type\":\"BreadcrumbList\",\"@id\":\"https:\\\/\\\/nexusinstitut.de\\\/en\\\/die-projektevaluation-dialogforum-private-haushalte-2-0-nimmt-fahrt-auf\\\/#breadcrumb\",\"itemListElement\":[{\"@type\":\"ListItem\",\"position\":1,\"name\":\"Startseite\",\"item\":\"https:\\\/\\\/nexusinstitut.de\\\/en\\\/\"},{\"@type\":\"ListItem\",\"position\":2,\"name\":\"Die Projektevaluation \u201eDialogforum private Haushalte 2.0\u201c nimmt Fahrt auf!\"}]},{\"@type\":\"WebSite\",\"@id\":\"https:\\\/\\\/nexusinstitut.de\\\/en\\\/#website\",\"url\":\"https:\\\/\\\/nexusinstitut.de\\\/en\\\/\",\"name\":\"nexus\",\"description\":\"Institut f\u00fcr Forschung, Beratung und Beteiligung\",\"publisher\":{\"@id\":\"https:\\\/\\\/nexusinstitut.de\\\/en\\\/#organization\"},\"potentialAction\":[{\"@type\":\"SearchAction\",\"target\":{\"@type\":\"EntryPoint\",\"urlTemplate\":\"https:\\\/\\\/nexusinstitut.de\\\/en\\\/?s={search_term_string}\"},\"query-input\":{\"@type\":\"PropertyValueSpecification\",\"valueRequired\":true,\"valueName\":\"search_term_string\"}}],\"inLanguage\":\"en-US\"},{\"@type\":\"Organization\",\"@id\":\"https:\\\/\\\/nexusinstitut.de\\\/en\\\/#organization\",\"name\":\"nexus Institut\",\"url\":\"https:\\\/\\\/nexusinstitut.de\\\/en\\\/\",\"logo\":{\"@type\":\"ImageObject\",\"inLanguage\":\"en-US\",\"@id\":\"https:\\\/\\\/nexusinstitut.de\\\/en\\\/#\\\/schema\\\/logo\\\/image\\\/\",\"url\":\"https:\\\/\\\/nexusinstitut.de\\\/wp-content\\\/uploads\\\/2019\\\/01\\\/nexus-Logo.png\",\"contentUrl\":\"https:\\\/\\\/nexusinstitut.de\\\/wp-content\\\/uploads\\\/2019\\\/01\\\/nexus-Logo.png\",\"width\":569,\"height\":278,\"caption\":\"nexus Institut\"},\"image\":{\"@id\":\"https:\\\/\\\/nexusinstitut.de\\\/en\\\/#\\\/schema\\\/logo\\\/image\\\/\"}},{\"@type\":\"Person\",\"@id\":\"https:\\\/\\\/nexusinstitut.de\\\/en\\\/#\\\/schema\\\/person\\\/29fa9e953a1fa6b7b77a2811e9f39ed2\",\"name\":\"Antje Heera\",\"sameAs\":[\"https:\\\/\\\/nexusinstitut.de\"]}]}<\/script>\n<!-- \/ Yoast SEO plugin. -->","yoast_head_json":{"title":"Die Projektevaluation \u201eDialogforum private Haushalte 2.0\u201c nimmt Fahrt auf! - nexus","robots":{"index":"index","follow":"follow","max-snippet":"max-snippet:-1","max-image-preview":"max-image-preview:large","max-video-preview":"max-video-preview:-1"},"canonical":"https:\/\/nexusinstitut.de\/en\/die-projektevaluation-dialogforum-private-haushalte-2-0-nimmt-fahrt-auf\/","og_locale":"en_US","og_type":"article","og_title":"Die Projektevaluation \u201eDialogforum private Haushalte 2.0\u201c nimmt Fahrt auf! - nexus","og_description":"Die Begleitevaluation des Projekts zur Reduzierung von Lebensmittelverschwendung in privaten Haushalten hat am 10. Oktober die Konzeptionsphase mit einem partizipativen Indikatoren-Workshop abgeschlossen. Acht Mitwirkende des Projektteams aus TU Berlin und [...]","og_url":"https:\/\/nexusinstitut.de\/en\/die-projektevaluation-dialogforum-private-haushalte-2-0-nimmt-fahrt-auf\/","og_site_name":"nexus","article_published_time":"2024-10-23T14:54:13+00:00","article_modified_time":"2024-10-23T15:10:04+00:00","og_image":[{"width":918,"height":688,"url":"https:\/\/nexusinstitut.de\/wp-content\/uploads\/2024\/09\/AdobeStock_776503356-scaled-e1729695242322.jpeg","type":"image\/jpeg"}],"author":"Antje Heera","twitter_card":"summary_large_image","twitter_misc":{"Written by":"Antje Heera","Est. reading time":"1 minute"},"schema":{"@context":"https:\/\/schema.org","@graph":[{"@type":"Article","@id":"https:\/\/nexusinstitut.de\/en\/die-projektevaluation-dialogforum-private-haushalte-2-0-nimmt-fahrt-auf\/#article","isPartOf":{"@id":"https:\/\/nexusinstitut.de\/en\/die-projektevaluation-dialogforum-private-haushalte-2-0-nimmt-fahrt-auf\/"},"author":{"name":"Antje Heera","@id":"https:\/\/nexusinstitut.de\/en\/#\/schema\/person\/29fa9e953a1fa6b7b77a2811e9f39ed2"},"headline":"Die Projektevaluation \u201eDialogforum private Haushalte 2.0\u201c nimmt Fahrt auf!","datePublished":"2024-10-23T14:54:13+00:00","dateModified":"2024-10-23T15:10:04+00:00","mainEntityOfPage":{"@id":"https:\/\/nexusinstitut.de\/en\/die-projektevaluation-dialogforum-private-haushalte-2-0-nimmt-fahrt-auf\/"},"wordCount":185,"publisher":{"@id":"https:\/\/nexusinstitut.de\/en\/#organization"},"image":{"@id":"https:\/\/nexusinstitut.de\/en\/die-projektevaluation-dialogforum-private-haushalte-2-0-nimmt-fahrt-auf\/#primaryimage"},"thumbnailUrl":"https:\/\/nexusinstitut.de\/wp-content\/uploads\/2024\/09\/AdobeStock_776503356-scaled-e1741785653136.jpeg","keywords":["Evaluation","Gesundheit","Lebensmittelverschwendung","Slow Food Deutschland","TU Berlin"],"articleSection":["Nachrichten"],"inLanguage":"en-US"},{"@type":"WebPage","@id":"https:\/\/nexusinstitut.de\/en\/die-projektevaluation-dialogforum-private-haushalte-2-0-nimmt-fahrt-auf\/","url":"https:\/\/nexusinstitut.de\/en\/die-projektevaluation-dialogforum-private-haushalte-2-0-nimmt-fahrt-auf\/","name":"Die Projektevaluation \u201eDialogforum private Haushalte 2.0\u201c nimmt Fahrt auf! - nexus","isPartOf":{"@id":"https:\/\/nexusinstitut.de\/en\/#website"},"primaryImageOfPage":{"@id":"https:\/\/nexusinstitut.de\/en\/die-projektevaluation-dialogforum-private-haushalte-2-0-nimmt-fahrt-auf\/#primaryimage"},"image":{"@id":"https:\/\/nexusinstitut.de\/en\/die-projektevaluation-dialogforum-private-haushalte-2-0-nimmt-fahrt-auf\/#primaryimage"},"thumbnailUrl":"https:\/\/nexusinstitut.de\/wp-content\/uploads\/2024\/09\/AdobeStock_776503356-scaled-e1741785653136.jpeg","datePublished":"2024-10-23T14:54:13+00:00","dateModified":"2024-10-23T15:10:04+00:00","breadcrumb":{"@id":"https:\/\/nexusinstitut.de\/en\/die-projektevaluation-dialogforum-private-haushalte-2-0-nimmt-fahrt-auf\/#breadcrumb"},"inLanguage":"en-US","potentialAction":[{"@type":"ReadAction","target":["https:\/\/nexusinstitut.de\/en\/die-projektevaluation-dialogforum-private-haushalte-2-0-nimmt-fahrt-auf\/"]}]},{"@type":"ImageObject","inLanguage":"en-US","@id":"https:\/\/nexusinstitut.de\/en\/die-projektevaluation-dialogforum-private-haushalte-2-0-nimmt-fahrt-auf\/#primaryimage","url":"https:\/\/nexusinstitut.de\/wp-content\/uploads\/2024\/09\/AdobeStock_776503356-scaled-e1741785653136.jpeg","contentUrl":"https:\/\/nexusinstitut.de\/wp-content\/uploads\/2024\/09\/AdobeStock_776503356-scaled-e1741785653136.jpeg","width":918,"height":688,"caption":"Bio-Kompost, biologisch abbaubare K\u00fcchenabf\u00e4lle und Erde, Konzept Banner Nachhaltigkeit"},{"@type":"BreadcrumbList","@id":"https:\/\/nexusinstitut.de\/en\/die-projektevaluation-dialogforum-private-haushalte-2-0-nimmt-fahrt-auf\/#breadcrumb","itemListElement":[{"@type":"ListItem","position":1,"name":"Startseite","item":"https:\/\/nexusinstitut.de\/en\/"},{"@type":"ListItem","position":2,"name":"Die Projektevaluation \u201eDialogforum private Haushalte 2.0\u201c nimmt Fahrt auf!"}]},{"@type":"WebSite","@id":"https:\/\/nexusinstitut.de\/en\/#website","url":"https:\/\/nexusinstitut.de\/en\/","name":"nexus","description":"Institut f\u00fcr Forschung, Beratung und Beteiligung","publisher":{"@id":"https:\/\/nexusinstitut.de\/en\/#organization"},"potentialAction":[{"@type":"SearchAction","target":{"@type":"EntryPoint","urlTemplate":"https:\/\/nexusinstitut.de\/en\/?s={search_term_string}"},"query-input":{"@type":"PropertyValueSpecification","valueRequired":true,"valueName":"search_term_string"}}],"inLanguage":"en-US"},{"@type":"Organization","@id":"https:\/\/nexusinstitut.de\/en\/#organization","name":"nexus Institut","url":"https:\/\/nexusinstitut.de\/en\/","logo":{"@type":"ImageObject","inLanguage":"en-US","@id":"https:\/\/nexusinstitut.de\/en\/#\/schema\/logo\/image\/","url":"https:\/\/nexusinstitut.de\/wp-content\/uploads\/2019\/01\/nexus-Logo.png","contentUrl":"https:\/\/nexusinstitut.de\/wp-content\/uploads\/2019\/01\/nexus-Logo.png","width":569,"height":278,"caption":"nexus Institut"},"image":{"@id":"https:\/\/nexusinstitut.de\/en\/#\/schema\/logo\/image\/"}},{"@type":"Person","@id":"https:\/\/nexusinstitut.de\/en\/#\/schema\/person\/29fa9e953a1fa6b7b77a2811e9f39ed2","name":"Antje Heera","sameAs":["https:\/\/nexusinstitut.de"]}]}},"_links":{"self":[{"href":"https:\/\/nexusinstitut.de\/en\/wp-json\/wp\/v2\/posts\/16045","targetHints":{"allow":["GET"]}}],"collection":[{"href":"https:\/\/nexusinstitut.de\/en\/wp-json\/wp\/v2\/posts"}],"about":[{"href":"https:\/\/nexusinstitut.de\/en\/wp-json\/wp\/v2\/types\/post"}],"author":[{"embeddable":true,"href":"https:\/\/nexusinstitut.de\/en\/wp-json\/wp\/v2\/users\/6"}],"replies":[{"embeddable":true,"href":"https:\/\/nexusinstitut.de\/en\/wp-json\/wp\/v2\/comments?post=16045"}],"version-history":[{"count":2,"href":"https:\/\/nexusinstitut.de\/en\/wp-json\/wp\/v2\/posts\/16045\/revisions"}],"predecessor-version":[{"id":16047,"href":"https:\/\/nexusinstitut.de\/en\/wp-json\/wp\/v2\/posts\/16045\/revisions\/16047"}],"wp:featuredmedia":[{"embeddable":true,"href":"https:\/\/nexusinstitut.de\/en\/wp-json\/wp\/v2\/media\/15908"}],"wp:attachment":[{"href":"https:\/\/nexusinstitut.de\/en\/wp-json\/wp\/v2\/media?parent=16045"}],"wp:term":[{"taxonomy":"category","embeddable":true,"href":"https:\/\/nexusinstitut.de\/en\/wp-json\/wp\/v2\/categories?post=16045"},{"taxonomy":"post_tag","embeddable":true,"href":"https:\/\/nexusinstitut.de\/en\/wp-json\/wp\/v2\/tags?post=16045"}],"curies":[{"name":"wp","href":"https:\/\/api.w.org\/{rel}","templated":true}]}}